{"id":38790,"date":"2020-01-25T18:27:58","date_gmt":"2020-01-25T17:27:58","guid":{"rendered":"https:\/\/rudenko-photography.com\/business-branding-photoshoot-amsterdam\/"},"modified":"2026-03-28T12:17:48","modified_gmt":"2026-03-28T11:17:48","slug":"business-branding-photoshoot-amsterdam","status":"publish","type":"post","link":"https:\/\/rudenko-photography.com\/nl\/business-branding-photoshoot-amsterdam\/","title":{"rendered":"Zakelijke branding fotoshoot in Amsterdam"},"content":{"rendered":"<div class=\"wpb-content-wrapper\">[vc_row][vc_column][vc_column_text]\r\n\r\n\n\t\t<style type=\"text\/css\">\n\t\t\t#gallery-1 {\n\t\t\t\tmargin: auto;\n\t\t\t}\n\t\t\t#gallery-1 .gallery-item {\n\t\t\t\tfloat: left;\n\t\t\t\tmargin-top: 10px;\n\t\t\t\ttext-align: center;\n\t\t\t\twidth: 33%;\n\t\t\t}\n\t\t\t#gallery-1 img {\n\t\t\t\tborder: 2px solid #cfcfcf;\n\t\t\t}\n\t\t\t#gallery-1 .gallery-caption {\n\t\t\t\tmargin-left: 0;\n\t\t\t}\n\t\t\t\/* see gallery_shortcode() in wp-includes\/media.php *\/\n\t\t<\/style>\n\t\t<div id='gallery-1' class='gallery galleryid-38790 gallery-columns-3 gallery-size-large'><dl class='gallery-item'>\n\t\t\t<dt class='gallery-icon portrait'>\n\t\t\t\t<img loading=\"lazy\" decoding=\"async\" width=\"675\" height=\"900\" src=\"https:\/\/bucket-wp-uploads.s3.eu-central-1.amazonaws.com\/wp-content\/uploads\/2021\/04\/hair-studio-aram-manoukian.jpg\" class=\"attachment-large size-large\" alt=\"hair salon aram manoukian\" srcset=\"https:\/\/bucket-wp-uploads.s3.eu-central-1.amazonaws.com\/wp-content\/uploads\/2021\/04\/hair-studio-aram-manoukian.jpg 900w, https:\/\/bucket-wp-uploads.s3.eu-central-1.amazonaws.com\/wp-content\/uploads\/2021\/04\/hair-studio-aram-manoukian-375x500.jpg 375w, https:\/\/bucket-wp-uploads.s3.eu-central-1.amazonaws.com\/wp-content\/uploads\/2021\/04\/hair-studio-aram-manoukian-53x70.jpg 53w\" sizes=\"auto, (max-width: 675px) 100vw, 675px\" \/>\n\t\t\t<\/dt><\/dl><dl class='gallery-item'>\n\t\t\t<dt class='gallery-icon portrait'>\n\t\t\t\t<img loading=\"lazy\" decoding=\"async\" width=\"675\" height=\"900\" src=\"https:\/\/bucket-wp-uploads.s3.eu-central-1.amazonaws.com\/wp-content\/uploads\/2021\/04\/hair-studio-aram-manoukian-3.jpg\" class=\"attachment-large size-large\" alt=\"zakelijk portret amsterdam\" srcset=\"https:\/\/bucket-wp-uploads.s3.eu-central-1.amazonaws.com\/wp-content\/uploads\/2021\/04\/hair-studio-aram-manoukian-3.jpg 900w, https:\/\/bucket-wp-uploads.s3.eu-central-1.amazonaws.com\/wp-content\/uploads\/2021\/04\/hair-studio-aram-manoukian-3-375x500.jpg 375w, https:\/\/bucket-wp-uploads.s3.eu-central-1.amazonaws.com\/wp-content\/uploads\/2021\/04\/hair-studio-aram-manoukian-3-53x70.jpg 53w\" sizes=\"auto, (max-width: 675px) 100vw, 675px\" \/>\n\t\t\t<\/dt><\/dl><dl class='gallery-item'>\n\t\t\t<dt class='gallery-icon landscape'>\n\t\t\t\t<img loading=\"lazy\" decoding=\"async\" width=\"1200\" height=\"900\" src=\"https:\/\/bucket-wp-uploads.s3.eu-central-1.amazonaws.com\/wp-content\/uploads\/2021\/04\/hair-studio-aram-manoukian-14.jpg\" class=\"attachment-large size-large\" alt=\"uw bedrijf fotofeaaf in amsterdam\" srcset=\"https:\/\/bucket-wp-uploads.s3.eu-central-1.amazonaws.com\/wp-content\/uploads\/2021\/04\/hair-studio-aram-manoukian-14.jpg 1600w, https:\/\/bucket-wp-uploads.s3.eu-central-1.amazonaws.com\/wp-content\/uploads\/2021\/04\/hair-studio-aram-manoukian-14-500x375.jpg 500w, https:\/\/bucket-wp-uploads.s3.eu-central-1.amazonaws.com\/wp-content\/uploads\/2021\/04\/hair-studio-aram-manoukian-14-70x53.jpg 70w\" sizes=\"auto, (max-width: 1200px) 100vw, 1200px\" \/>\n\t\t\t<\/dt><\/dl><br style=\"clear: both\" \/><dl class='gallery-item'>\n\t\t\t<dt class='gallery-icon portrait'>\n\t\t\t\t<img loading=\"lazy\" decoding=\"async\" width=\"675\" height=\"900\" src=\"https:\/\/bucket-wp-uploads.s3.eu-central-1.amazonaws.com\/wp-content\/uploads\/2021\/04\/hair-studio-aram-manoukian-2.jpg\" class=\"attachment-large size-large\" alt=\"zakelijk fotosessie in amsterdam\" srcset=\"https:\/\/bucket-wp-uploads.s3.eu-central-1.amazonaws.com\/wp-content\/uploads\/2021\/04\/hair-studio-aram-manoukian-2.jpg 900w, https:\/\/bucket-wp-uploads.s3.eu-central-1.amazonaws.com\/wp-content\/uploads\/2021\/04\/hair-studio-aram-manoukian-2-375x500.jpg 375w, https:\/\/bucket-wp-uploads.s3.eu-central-1.amazonaws.com\/wp-content\/uploads\/2021\/04\/hair-studio-aram-manoukian-2-53x70.jpg 53w\" sizes=\"auto, (max-width: 675px) 100vw, 675px\" \/>\n\t\t\t<\/dt><\/dl><dl class='gallery-item'>\n\t\t\t<dt class='gallery-icon landscape'>\n\t\t\t\t<img loading=\"lazy\" decoding=\"async\" width=\"1200\" height=\"900\" src=\"https:\/\/bucket-wp-uploads.s3.eu-central-1.amazonaws.com\/wp-content\/uploads\/2021\/04\/hair-studio-aram-manoukian-1.jpg\" class=\"attachment-large size-large\" alt=\"fotoshoot voor bedrijfszaken amsterdam\" srcset=\"https:\/\/bucket-wp-uploads.s3.eu-central-1.amazonaws.com\/wp-content\/uploads\/2021\/04\/hair-studio-aram-manoukian-1.jpg 1600w, https:\/\/bucket-wp-uploads.s3.eu-central-1.amazonaws.com\/wp-content\/uploads\/2021\/04\/hair-studio-aram-manoukian-1-500x375.jpg 500w, https:\/\/bucket-wp-uploads.s3.eu-central-1.amazonaws.com\/wp-content\/uploads\/2021\/04\/hair-studio-aram-manoukian-1-70x53.jpg 70w\" sizes=\"auto, (max-width: 1200px) 100vw, 1200px\" \/>\n\t\t\t<\/dt><\/dl><dl class='gallery-item'>\n\t\t\t<dt class='gallery-icon portrait'>\n\t\t\t\t<img loading=\"lazy\" decoding=\"async\" width=\"675\" height=\"900\" src=\"https:\/\/bucket-wp-uploads.s3.eu-central-1.amazonaws.com\/wp-content\/uploads\/2021\/04\/hair-studio-aram-manoukian-7.jpg\" class=\"attachment-large size-large\" alt=\"zakelijke fotografiediensten in amsterdam\" srcset=\"https:\/\/bucket-wp-uploads.s3.eu-central-1.amazonaws.com\/wp-content\/uploads\/2021\/04\/hair-studio-aram-manoukian-7.jpg 900w, https:\/\/bucket-wp-uploads.s3.eu-central-1.amazonaws.com\/wp-content\/uploads\/2021\/04\/hair-studio-aram-manoukian-7-375x500.jpg 375w, https:\/\/bucket-wp-uploads.s3.eu-central-1.amazonaws.com\/wp-content\/uploads\/2021\/04\/hair-studio-aram-manoukian-7-53x70.jpg 53w\" sizes=\"auto, (max-width: 675px) 100vw, 675px\" \/>\n\t\t\t<\/dt><\/dl><br style=\"clear: both\" \/><dl class='gallery-item'>\n\t\t\t<dt class='gallery-icon portrait'>\n\t\t\t\t<img loading=\"lazy\" decoding=\"async\" width=\"675\" height=\"900\" src=\"https:\/\/bucket-wp-uploads.s3.eu-central-1.amazonaws.com\/wp-content\/uploads\/2021\/04\/hair-studio-aram-manoukian-9.jpg\" class=\"attachment-large size-large\" alt=\"kapsalon fotograaf amsterdam\" srcset=\"https:\/\/bucket-wp-uploads.s3.eu-central-1.amazonaws.com\/wp-content\/uploads\/2021\/04\/hair-studio-aram-manoukian-9.jpg 900w, https:\/\/bucket-wp-uploads.s3.eu-central-1.amazonaws.com\/wp-content\/uploads\/2021\/04\/hair-studio-aram-manoukian-9-375x500.jpg 375w, https:\/\/bucket-wp-uploads.s3.eu-central-1.amazonaws.com\/wp-content\/uploads\/2021\/04\/hair-studio-aram-manoukian-9-53x70.jpg 53w\" sizes=\"auto, (max-width: 675px) 100vw, 675px\" \/>\n\t\t\t<\/dt><\/dl><dl class='gallery-item'>\n\t\t\t<dt class='gallery-icon portrait'>\n\t\t\t\t<img loading=\"lazy\" decoding=\"async\" width=\"675\" height=\"900\" src=\"https:\/\/bucket-wp-uploads.s3.eu-central-1.amazonaws.com\/wp-content\/uploads\/2021\/04\/hair-studio-aram-manoukian-8.jpg\" class=\"attachment-large size-large\" alt=\"kapsalon fotograaf amsterdam\" srcset=\"https:\/\/bucket-wp-uploads.s3.eu-central-1.amazonaws.com\/wp-content\/uploads\/2021\/04\/hair-studio-aram-manoukian-8.jpg 900w, https:\/\/bucket-wp-uploads.s3.eu-central-1.amazonaws.com\/wp-content\/uploads\/2021\/04\/hair-studio-aram-manoukian-8-375x500.jpg 375w, https:\/\/bucket-wp-uploads.s3.eu-central-1.amazonaws.com\/wp-content\/uploads\/2021\/04\/hair-studio-aram-manoukian-8-53x70.jpg 53w\" sizes=\"auto, (max-width: 675px) 100vw, 675px\" \/>\n\t\t\t<\/dt><\/dl><dl class='gallery-item'>\n\t\t\t<dt class='gallery-icon portrait'>\n\t\t\t\t<img loading=\"lazy\" decoding=\"async\" width=\"675\" height=\"900\" src=\"https:\/\/bucket-wp-uploads.s3.eu-central-1.amazonaws.com\/wp-content\/uploads\/2021\/04\/hair-studio-aram-manoukian-6.jpg\" class=\"attachment-large size-large\" alt=\"kapsalon fotosessie amsterdam\" srcset=\"https:\/\/bucket-wp-uploads.s3.eu-central-1.amazonaws.com\/wp-content\/uploads\/2021\/04\/hair-studio-aram-manoukian-6.jpg 900w, https:\/\/bucket-wp-uploads.s3.eu-central-1.amazonaws.com\/wp-content\/uploads\/2021\/04\/hair-studio-aram-manoukian-6-375x500.jpg 375w, https:\/\/bucket-wp-uploads.s3.eu-central-1.amazonaws.com\/wp-content\/uploads\/2021\/04\/hair-studio-aram-manoukian-6-53x70.jpg 53w\" sizes=\"auto, (max-width: 675px) 100vw, 675px\" \/>\n\t\t\t<\/dt><\/dl><br style=\"clear: both\" \/><dl class='gallery-item'>\n\t\t\t<dt class='gallery-icon landscape'>\n\t\t\t\t<img loading=\"lazy\" decoding=\"async\" width=\"1200\" height=\"900\" src=\"https:\/\/bucket-wp-uploads.s3.eu-central-1.amazonaws.com\/wp-content\/uploads\/2021\/04\/hair-studio-aram-manoukian-15.jpg\" class=\"attachment-large size-large\" alt=\"haarstudio fotografie amsterdam\" srcset=\"https:\/\/bucket-wp-uploads.s3.eu-central-1.amazonaws.com\/wp-content\/uploads\/2021\/04\/hair-studio-aram-manoukian-15.jpg 1600w, https:\/\/bucket-wp-uploads.s3.eu-central-1.amazonaws.com\/wp-content\/uploads\/2021\/04\/hair-studio-aram-manoukian-15-500x375.jpg 500w, https:\/\/bucket-wp-uploads.s3.eu-central-1.amazonaws.com\/wp-content\/uploads\/2021\/04\/hair-studio-aram-manoukian-15-70x53.jpg 70w\" sizes=\"auto, (max-width: 1200px) 100vw, 1200px\" \/>\n\t\t\t<\/dt><\/dl><dl class='gallery-item'>\n\t\t\t<dt class='gallery-icon portrait'>\n\t\t\t\t<img loading=\"lazy\" decoding=\"async\" width=\"675\" height=\"900\" src=\"https:\/\/bucket-wp-uploads.s3.eu-central-1.amazonaws.com\/wp-content\/uploads\/2021\/04\/hair-studio-aram-manoukian-4.jpg\" class=\"attachment-large size-large\" alt=\"kapstudio fotografie amsterdam\" srcset=\"https:\/\/bucket-wp-uploads.s3.eu-central-1.amazonaws.com\/wp-content\/uploads\/2021\/04\/hair-studio-aram-manoukian-4.jpg 900w, https:\/\/bucket-wp-uploads.s3.eu-central-1.amazonaws.com\/wp-content\/uploads\/2021\/04\/hair-studio-aram-manoukian-4-375x500.jpg 375w, https:\/\/bucket-wp-uploads.s3.eu-central-1.amazonaws.com\/wp-content\/uploads\/2021\/04\/hair-studio-aram-manoukian-4-53x70.jpg 53w\" sizes=\"auto, (max-width: 675px) 100vw, 675px\" \/>\n\t\t\t<\/dt><\/dl><dl class='gallery-item'>\n\t\t\t<dt class='gallery-icon portrait'>\n\t\t\t\t<img loading=\"lazy\" decoding=\"async\" width=\"675\" height=\"900\" src=\"https:\/\/bucket-wp-uploads.s3.eu-central-1.amazonaws.com\/wp-content\/uploads\/2021\/04\/hair-studio-aram-manoukian-5.jpg\" class=\"attachment-large size-large\" alt=\"kapsalon fotosessie amsterdam\" srcset=\"https:\/\/bucket-wp-uploads.s3.eu-central-1.amazonaws.com\/wp-content\/uploads\/2021\/04\/hair-studio-aram-manoukian-5.jpg 900w, https:\/\/bucket-wp-uploads.s3.eu-central-1.amazonaws.com\/wp-content\/uploads\/2021\/04\/hair-studio-aram-manoukian-5-375x500.jpg 375w, https:\/\/bucket-wp-uploads.s3.eu-central-1.amazonaws.com\/wp-content\/uploads\/2021\/04\/hair-studio-aram-manoukian-5-53x70.jpg 53w\" sizes=\"auto, (max-width: 675px) 100vw, 675px\" \/>\n\t\t\t<\/dt><\/dl><br style=\"clear: both\" \/><dl class='gallery-item'>\n\t\t\t<dt class='gallery-icon portrait'>\n\t\t\t\t<img loading=\"lazy\" decoding=\"async\" width=\"675\" height=\"900\" src=\"https:\/\/bucket-wp-uploads.s3.eu-central-1.amazonaws.com\/wp-content\/uploads\/2021\/04\/hair-studio-aram-manoukian-10.jpg\" class=\"attachment-large size-large\" alt=\"kapsalon fotografie amsterdam\" srcset=\"https:\/\/bucket-wp-uploads.s3.eu-central-1.amazonaws.com\/wp-content\/uploads\/2021\/04\/hair-studio-aram-manoukian-10.jpg 900w, https:\/\/bucket-wp-uploads.s3.eu-central-1.amazonaws.com\/wp-content\/uploads\/2021\/04\/hair-studio-aram-manoukian-10-375x500.jpg 375w, https:\/\/bucket-wp-uploads.s3.eu-central-1.amazonaws.com\/wp-content\/uploads\/2021\/04\/hair-studio-aram-manoukian-10-53x70.jpg 53w\" sizes=\"auto, (max-width: 675px) 100vw, 675px\" \/>\n\t\t\t<\/dt><\/dl><dl class='gallery-item'>\n\t\t\t<dt class='gallery-icon portrait'>\n\t\t\t\t<img loading=\"lazy\" decoding=\"async\" width=\"675\" height=\"900\" src=\"https:\/\/bucket-wp-uploads.s3.eu-central-1.amazonaws.com\/wp-content\/uploads\/2021\/04\/hair-studio-aram-manoukian-11.jpg\" class=\"attachment-large size-large\" alt=\"kapsalon fotoshoot amsterdam\" srcset=\"https:\/\/bucket-wp-uploads.s3.eu-central-1.amazonaws.com\/wp-content\/uploads\/2021\/04\/hair-studio-aram-manoukian-11.jpg 900w, https:\/\/bucket-wp-uploads.s3.eu-central-1.amazonaws.com\/wp-content\/uploads\/2021\/04\/hair-studio-aram-manoukian-11-375x500.jpg 375w, https:\/\/bucket-wp-uploads.s3.eu-central-1.amazonaws.com\/wp-content\/uploads\/2021\/04\/hair-studio-aram-manoukian-11-53x70.jpg 53w\" sizes=\"auto, (max-width: 675px) 100vw, 675px\" \/>\n\t\t\t<\/dt><\/dl><dl class='gallery-item'>\n\t\t\t<dt class='gallery-icon landscape'>\n\t\t\t\t<img loading=\"lazy\" decoding=\"async\" width=\"1200\" height=\"900\" src=\"https:\/\/bucket-wp-uploads.s3.eu-central-1.amazonaws.com\/wp-content\/uploads\/2021\/04\/hair-studio-aram-manoukian-16.jpg\" class=\"attachment-large size-large\" alt=\"kapsalon fotoshoot amsterdam\" srcset=\"https:\/\/bucket-wp-uploads.s3.eu-central-1.amazonaws.com\/wp-content\/uploads\/2021\/04\/hair-studio-aram-manoukian-16.jpg 1600w, https:\/\/bucket-wp-uploads.s3.eu-central-1.amazonaws.com\/wp-content\/uploads\/2021\/04\/hair-studio-aram-manoukian-16-500x375.jpg 500w, https:\/\/bucket-wp-uploads.s3.eu-central-1.amazonaws.com\/wp-content\/uploads\/2021\/04\/hair-studio-aram-manoukian-16-70x53.jpg 70w\" sizes=\"auto, (max-width: 1200px) 100vw, 1200px\" \/>\n\t\t\t<\/dt><\/dl><br style=\"clear: both\" \/><dl class='gallery-item'>\n\t\t\t<dt class='gallery-icon landscape'>\n\t\t\t\t<img loading=\"lazy\" decoding=\"async\" width=\"1200\" height=\"900\" src=\"https:\/\/bucket-wp-uploads.s3.eu-central-1.amazonaws.com\/wp-content\/uploads\/2021\/04\/hair-studio-aram-manoukian-13.jpg\" class=\"attachment-large size-large\" alt=\"bedrijfscultuur fotografie amsterdam\" srcset=\"https:\/\/bucket-wp-uploads.s3.eu-central-1.amazonaws.com\/wp-content\/uploads\/2021\/04\/hair-studio-aram-manoukian-13.jpg 1600w, https:\/\/bucket-wp-uploads.s3.eu-central-1.amazonaws.com\/wp-content\/uploads\/2021\/04\/hair-studio-aram-manoukian-13-500x375.jpg 500w, https:\/\/bucket-wp-uploads.s3.eu-central-1.amazonaws.com\/wp-content\/uploads\/2021\/04\/hair-studio-aram-manoukian-13-70x53.jpg 70w\" sizes=\"auto, (max-width: 1200px) 100vw, 1200px\" \/>\n\t\t\t<\/dt><\/dl><dl class='gallery-item'>\n\t\t\t<dt class='gallery-icon portrait'>\n\t\t\t\t<img loading=\"lazy\" decoding=\"async\" width=\"600\" height=\"900\" src=\"https:\/\/bucket-wp-uploads.s3.eu-central-1.amazonaws.com\/wp-content\/uploads\/2021\/04\/hair-studio-aram-manoukian-2-1.jpg\" class=\"attachment-large size-large\" alt=\"bedrijfsfotograaf amsterdam\" srcset=\"https:\/\/bucket-wp-uploads.s3.eu-central-1.amazonaws.com\/wp-content\/uploads\/2021\/04\/hair-studio-aram-manoukian-2-1.jpg 1067w, https:\/\/bucket-wp-uploads.s3.eu-central-1.amazonaws.com\/wp-content\/uploads\/2021\/04\/hair-studio-aram-manoukian-2-1-333x500.jpg 333w, https:\/\/bucket-wp-uploads.s3.eu-central-1.amazonaws.com\/wp-content\/uploads\/2021\/04\/hair-studio-aram-manoukian-2-1-47x70.jpg 47w\" sizes=\"auto, (max-width: 600px) 100vw, 600px\" \/>\n\t\t\t<\/dt><\/dl>\n\t\t\t<br style='clear: both' \/>\n\t\t<\/div>\n\r\n\r\n[\/vc_column_text][vc_column_text css=&#8221;&#8221;]\r\n<h2 style=\"text-align: justify;\"><span style=\"font-size: 16px;\">Waarom Aram Manoukian&#8217;s hairstudio een zakelijke brandingfotograaf nodig had<\/span><\/h2>\r\n<p style=\"text-align: justify;\">Aram Manoukian runt een one-chair <a style=\"color: #bc8a53;\" href=\"https:\/\/manoukian-hairstudio.com\" target=\"_blank\" rel=\"noopener\">hairstudio<\/a> in het centrum van Amsterdam, gebouwd op een helder principe: \u00e9\u00e9n kapper, \u00e9\u00e9n klant, \u00e9\u00e9n resultaat. Met 25 jaar internationale ervaring in balayage, airtouch en kleurtechnieken spreekt zijn vakmanschap voor zich. Toch weerspiegelde zijn online uitstraling nog niet het niveau van ambachtelijkheid dat klanten in de stoel ervaren. Hij had een zakelijke branding fotoshoot in Amsterdam nodig om de sfeer, precisie en persoonlijke aanpak van zijn studio om te zetten in beelden voor zijn website, boekingsplatform en social media. Na het ontdekken van mijn cinematische benadering boekte hij een sessie om zijn merk visueel tot leven te brengen.<\/p>\r\n\r\n<h2 style=\"text-align: justify;\"><span style=\"font-size: 16px;\">Hoe het interieur van de studio deze zakelijke brandingfoto&#8217;s vormgaf<\/span><\/h2>\r\n<p style=\"text-align: justify;\">De studio van Aram valt direct op zodra je binnenstapt. Diepgroene wanden cre\u00ebren een rustige achtergrond terwijl witte vlinderdecoraties een eigen signatuur toevoegen aan elk beeld. Ronde LED-spiegels werpen een zachte gloed over de ruimte, en kersenbloesems vullen de etalage naast hoogwaardige kleurproducten. In plaats van iets te herschikken, werkte ik met het interieur precies zoals het was. Deze details onderscheiden de studio, en mijn rol was ze authentiek vast te leggen. Ik maakte brede overzichtsopnames naast close-ups van de decoratieve elementen die de visuele identiteit van het merk bepalen. Elke hoek bood iets dat het waard was om te kaderen.<\/p>\r\n\r\n<h2 style=\"text-align: justify;\"><span style=\"font-size: 16px;\">Vakmanschap vastleggen tijdens een bedrijfsbranding shoot bij de kapper<\/span><\/h2>\r\n<p style=\"text-align: justify;\">Het meest boeiende deel van deze zakelijke branding fotoshoot in Amsterdam begon toen Aram aan het werk ging met klanten. Ik observeerde hem terwijl hij met gerichte precisie foliehighlights aanbracht, kleur mengde in een blauwe tintkom en het haar van een klant droogde met een gouden ronde borstel. Zijn getatoe\u00eberde armen bewogen met geoefend gemak terwijl zijn blik aandachtig en kalm bleef. Ondertussen onthulde een consultatiemoment \u2014 Aram die een kleurstaalboek toonde aan een klant \u2014 de samenwerkende kant van zijn aanpak. Met mijn in-camera proces bewaarde ik de filmische warmte van elke ongedwongen interactie. Geen enkel moment was ge\u00ebnsceneerd. Elk beeld documenteert het werkelijke vakmanschap achter de stoel.<\/p>\r\n\r\n<h2 style=\"text-align: justify;\"><span style=\"font-size: 16px;\">De details die expressieve bedrijfsfotografie persoonlijk maken<\/span><\/h2>\r\n<p style=\"text-align: justify;\">Wat deze sessie bijzonder maakte, was de balans tussen proces en persoonlijkheid. De technische close-ups \u2014 handen die kleur mengen, folie dat licht vangt, een schaar halverwege een knipbeurt \u2014 vestigen geloofwaardigheid en vakkundigheid. Daarnaast stralen de portretten van Aram voor zijn pand, armen over elkaar met kam en schaar in de hand, vertrouwen en toegankelijkheid uit. E\u00e9n beeld toont hem rug aan rug met een collega in de deuropening, beiden in het zwart, ontspannen lachend. Samen vertellen deze beelden een verhaal dat verder gaat dan een dienstomschrijving. Ze laten zien wie Aram is, hoe hij werkt en wat klanten kunnen verwachten.<\/p>\r\n\r\n<h2 style=\"text-align: justify;\"><span style=\"font-size: 16px;\">Boek je eigen doeltreffende brandingfotoshoot in Amsterdam<\/span><\/h2>\r\n<p style=\"text-align: justify;\">Aram gebruikt deze beelden nu op zijn website, zijn Treatwell-boekingspagina en zijn social media kanalen. Deze zakelijke branding fotoshoot in Amsterdam leverde een collectie <a style=\"color: #bc8a53;\" href=\"https:\/\/rudenko-photography.com\/nl\/product\/photoreportage\/\" target=\"_blank\" rel=\"noopener\">professionele brandingportretten<\/a> op die zijn visuele identiteit laten aansluiten bij de ervaring die hij in de praktijk biedt. De beelden versterken zijn online aanwezigheid en trekken precies het type klant aan dat bij zijn studio past. Of je nu een hairstudio, een wellnesspraktijk of een andere onderneming runt die draait om persoonlijke aandacht, ik stem elke sessie af op jouw ruimte en jouw verhaal. Boek je eigen brandingsessie eenvoudig online in slechts een paar klikken. Samen cre\u00ebren we beelden die jouw merk oprecht vertegenwoordigen.<\/p>\r\n[\/vc_column_text][vc_btn title=&#8221;BOEK JOUW ZAKELIJKE BRANDING SHOOT&#8221; style=&#8221;classic&#8221; color=&#8221;warning&#8221; align=&#8221;center&#8221; css=&#8221;&#8221; link=&#8221;url:https%3A%2F%2Frudenko-photography.com%2Fnl%2Fproduct%2Fphotoreportage%2F|title:Zakelijk&#8221;][\/vc_column][\/vc_row]<\/div>","protected":false},"excerpt":{"rendered":"<p>[vc_row][vc_column][vc_column_text] [\/vc_column_text][vc_column_text css=&#8221;&#8221;] Waarom Aram Manoukian&#8217;s hairstudio een zakelijke brandingfotograaf nodig had Aram Manoukian runt een one-chair hairstudio in het centrum van Amsterdam, gebouwd op een helder principe: \u00e9\u00e9n kapper, \u00e9\u00e9n klant, \u00e9\u00e9n resultaat. Met 25 jaar internationale ervaring in balayage, airtouch en kleurtechnieken spreekt zijn vakmanschap voor zich. Toch weerspiegelde zijn online uitstraling nog [&hellip;]<\/p>\n","protected":false},"author":3,"featured_media":37603,"comment_status":"closed","ping_status":"closed","sticky":false,"template":"","format":"standard","meta":{"_acf_changed":false,"footnotes":""},"categories":[229],"tags":[],"class_list":["post-38790","post","type-post","status-publish","format-standard","has-post-thumbnail","hentry","category-zakelijk"],"acf":[],"yoast_head":"<!-- This site is optimized with the Yoast SEO Premium plugin v24.1 (Yoast SEO v27.4) - https:\/\/yoast.com\/product\/yoast-seo-premium-wordpress\/ -->\n<title>Zakelijke branding fotoshoot in Amsterdam - Rudenko Photography<\/title>\n<meta name=\"description\" content=\"Professionele branding fotograaf verzorgt een zakelijke branding fotoshoot in Amsterdam! Authentieke brandingfotografie, creatieve foto&#039;s!\" \/>\n<meta name=\"robots\" content=\"index, follow, max-snippet:-1, max-image-preview:large, max-video-preview:-1\" \/>\n<link rel=\"canonical\" href=\"https:\/\/rudenko-photography.com\/nl\/business-branding-photoshoot-amsterdam\/\" \/>\n<meta property=\"og:locale\" content=\"nl_NL\" \/>\n<meta property=\"og:type\" content=\"article\" \/>\n<meta property=\"og:title\" content=\"Zakelijke branding fotoshoot in Amsterdam\" \/>\n<meta property=\"og:description\" content=\"Professionele branding fotograaf verzorgt een zakelijke branding fotoshoot in Amsterdam! Authentieke brandingfotografie, creatieve foto&#039;s!\" \/>\n<meta property=\"og:url\" content=\"https:\/\/rudenko-photography.com\/nl\/business-branding-photoshoot-amsterdam\/\" \/>\n<meta property=\"og:site_name\" content=\"Rudenko Photography\" \/>\n<meta property=\"article:published_time\" content=\"2020-01-25T17:27:58+00:00\" \/>\n<meta property=\"article:modified_time\" content=\"2026-03-28T11:17:48+00:00\" \/>\n<meta property=\"og:image\" content=\"https:\/\/bucket-wp-uploads.s3.eu-central-1.amazonaws.com\/wp-content\/uploads\/2021\/04\/hair-studio-aram-manoukian-header-1.jpg\" \/>\n\t<meta property=\"og:image:width\" content=\"900\" \/>\n\t<meta property=\"og:image:height\" content=\"1200\" \/>\n\t<meta property=\"og:image:type\" content=\"image\/jpeg\" \/>\n<meta name=\"author\" content=\"aleksandria\" \/>\n<meta name=\"twitter:card\" content=\"summary_large_image\" \/>\n<script type=\"application\/ld+json\" class=\"yoast-schema-graph\">{\"@context\":\"https:\\\/\\\/schema.org\",\"@graph\":[{\"@type\":\"Article\",\"@id\":\"https:\\\/\\\/rudenko-photography.com\\\/nl\\\/business-branding-photoshoot-amsterdam\\\/#article\",\"isPartOf\":{\"@id\":\"https:\\\/\\\/rudenko-photography.com\\\/nl\\\/business-branding-photoshoot-amsterdam\\\/\"},\"author\":{\"name\":\"aleksandria\",\"@id\":\"https:\\\/\\\/rudenko-photography.com\\\/nl\\\/#\\\/schema\\\/person\\\/eff15e7a1c9a9f76d57e3fa04f6a9a90\"},\"headline\":\"Zakelijke branding fotoshoot in Amsterdam\",\"datePublished\":\"2020-01-25T17:27:58+00:00\",\"dateModified\":\"2026-03-28T11:17:48+00:00\",\"mainEntityOfPage\":{\"@id\":\"https:\\\/\\\/rudenko-photography.com\\\/nl\\\/business-branding-photoshoot-amsterdam\\\/\"},\"wordCount\":630,\"publisher\":{\"@id\":\"https:\\\/\\\/rudenko-photography.com\\\/nl\\\/#organization\"},\"image\":{\"@id\":\"https:\\\/\\\/rudenko-photography.com\\\/nl\\\/business-branding-photoshoot-amsterdam\\\/#primaryimage\"},\"thumbnailUrl\":\"https:\\\/\\\/bucket-wp-uploads.s3.eu-central-1.amazonaws.com\\\/wp-content\\\/uploads\\\/2021\\\/04\\\/hair-studio-aram-manoukian-header-1.jpg\",\"articleSection\":[\"Zakelijk\"],\"inLanguage\":\"nl-NL\"},{\"@type\":\"WebPage\",\"@id\":\"https:\\\/\\\/rudenko-photography.com\\\/nl\\\/business-branding-photoshoot-amsterdam\\\/\",\"url\":\"https:\\\/\\\/rudenko-photography.com\\\/nl\\\/business-branding-photoshoot-amsterdam\\\/\",\"name\":\"Zakelijke branding fotoshoot in Amsterdam - Rudenko Photography\",\"isPartOf\":{\"@id\":\"https:\\\/\\\/rudenko-photography.com\\\/nl\\\/#website\"},\"primaryImageOfPage\":{\"@id\":\"https:\\\/\\\/rudenko-photography.com\\\/nl\\\/business-branding-photoshoot-amsterdam\\\/#primaryimage\"},\"image\":{\"@id\":\"https:\\\/\\\/rudenko-photography.com\\\/nl\\\/business-branding-photoshoot-amsterdam\\\/#primaryimage\"},\"thumbnailUrl\":\"https:\\\/\\\/bucket-wp-uploads.s3.eu-central-1.amazonaws.com\\\/wp-content\\\/uploads\\\/2021\\\/04\\\/hair-studio-aram-manoukian-header-1.jpg\",\"datePublished\":\"2020-01-25T17:27:58+00:00\",\"dateModified\":\"2026-03-28T11:17:48+00:00\",\"description\":\"Professionele branding fotograaf verzorgt een zakelijke branding fotoshoot in Amsterdam! Authentieke brandingfotografie, creatieve foto's!\",\"breadcrumb\":{\"@id\":\"https:\\\/\\\/rudenko-photography.com\\\/nl\\\/business-branding-photoshoot-amsterdam\\\/#breadcrumb\"},\"inLanguage\":\"nl-NL\",\"potentialAction\":[{\"@type\":\"ReadAction\",\"target\":[\"https:\\\/\\\/rudenko-photography.com\\\/nl\\\/business-branding-photoshoot-amsterdam\\\/\"]}]},{\"@type\":\"ImageObject\",\"inLanguage\":\"nl-NL\",\"@id\":\"https:\\\/\\\/rudenko-photography.com\\\/nl\\\/business-branding-photoshoot-amsterdam\\\/#primaryimage\",\"url\":\"https:\\\/\\\/bucket-wp-uploads.s3.eu-central-1.amazonaws.com\\\/wp-content\\\/uploads\\\/2021\\\/04\\\/hair-studio-aram-manoukian-header-1.jpg\",\"contentUrl\":\"https:\\\/\\\/bucket-wp-uploads.s3.eu-central-1.amazonaws.com\\\/wp-content\\\/uploads\\\/2021\\\/04\\\/hair-studio-aram-manoukian-header-1.jpg\",\"width\":900,\"height\":1200,\"caption\":\"Zakelijke branding fotoshoot in Amsterdam\"},{\"@type\":\"BreadcrumbList\",\"@id\":\"https:\\\/\\\/rudenko-photography.com\\\/nl\\\/business-branding-photoshoot-amsterdam\\\/#breadcrumb\",\"itemListElement\":[{\"@type\":\"ListItem\",\"position\":1,\"name\":\"Home\",\"item\":\"https:\\\/\\\/rudenko-photography.com\\\/nl\\\/\"},{\"@type\":\"ListItem\",\"position\":2,\"name\":\"Zakelijke branding fotoshoot in Amsterdam\"}]},{\"@type\":\"WebSite\",\"@id\":\"https:\\\/\\\/rudenko-photography.com\\\/nl\\\/#website\",\"url\":\"https:\\\/\\\/rudenko-photography.com\\\/nl\\\/\",\"name\":\"Rudenko Photography\",\"description\":\"Top-rated Professional Amsterdam Photographer\",\"publisher\":{\"@id\":\"https:\\\/\\\/rudenko-photography.com\\\/nl\\\/#organization\"},\"potentialAction\":[{\"@type\":\"SearchAction\",\"target\":{\"@type\":\"EntryPoint\",\"urlTemplate\":\"https:\\\/\\\/rudenko-photography.com\\\/nl\\\/?s={search_term_string}\"},\"query-input\":{\"@type\":\"PropertyValueSpecification\",\"valueRequired\":true,\"valueName\":\"search_term_string\"}}],\"inLanguage\":\"nl-NL\"},{\"@type\":[\"Organization\",\"Place\",\"LocalBusiness\"],\"@id\":\"https:\\\/\\\/rudenko-photography.com\\\/nl\\\/#organization\",\"name\":\"Rudenko Photography\",\"url\":\"https:\\\/\\\/rudenko-photography.com\\\/en\\\/\",\"logo\":{\"@type\":\"ImageObject\",\"inLanguage\":\"nl-NL\",\"@id\":\"https:\\\/\\\/rudenko-photography.com\\\/nl\\\/#\\\/schema\\\/logo\\\/image\\\/\",\"url\":\"https:\\\/\\\/bucket-wp-uploads.s3.eu-central-1.amazonaws.com\\\/wp-content\\\/uploads\\\/2020\\\/06\\\/small-logo.png\",\"contentUrl\":\"https:\\\/\\\/bucket-wp-uploads.s3.eu-central-1.amazonaws.com\\\/wp-content\\\/uploads\\\/2020\\\/06\\\/small-logo.png\",\"width\":508,\"height\":508,\"caption\":\"Rudenko Photography\"},\"image\":{\"@id\":\"https:\\\/\\\/rudenko-photography.com\\\/nl\\\/#\\\/schema\\\/logo\\\/image\\\/\"},\"sameAs\":[\"https:\\\/\\\/www.instagram.com\\\/rudenko.photography\",\"https:\\\/\\\/www.tiktok.com\\\/@photographeramsterdam\"],\"description\":\"I am a top-rated professional photographer in Amsterdam, celebrated for my high-quality, cinematic portraits. With a personalized approach that prioritizes quality over quantity, I capture vibrant memories that resonate deeply and are cherished for generations. Below is an overview of my diverse photography services: Couples Photography: Specializing in capturing intimate and memorable moments through proposal and engagement photoshoots. Family Photography: Dedicated sessions tailored to family dynamics, including special packages for pregnancy and maternity, capturing life's precious milestones. Wedding Photography: Comprehensive coverage designed to capture every detail of your special day. Portrait Photography: Focused on enhancing both personal and professional images through carefully styled portrait sessions, ideal for personal branding and dating profiles. Business Photography: Services include event coverage, branding, and product photography, aimed at elevating business presence. Tulip Field Photoshoots: Iconic photoshoots set in Keukenhofd\u2019s picturesque tulip fields, offering a unique backdrop. Group Photoshoots: Ideal for bachelorette parties, hen dos, and other group celebrations, capturing vibrant and festive moments. Analog Photography: Embracing the classic art of photofilm photography to create timeless portraits. Gift Cards: Digital photoshoot gift cards available, providing a unique gift option that shares the joy of professional photography. Approach to Photography: Client Experience: Clients enjoy a relaxed photoshoot atmosphere where they can be themselves, have fun, and not worry about feeling awkward. Creative Process: We collaboratively craft natural photographs that capture emotional stories and meaningful moments, paying attention to every small detail. Preparation: Each session is meticulously planned, including mapping picturesque routes and suggesting creative outfits, ensuring every photo captures the unique essence of the moment.\",\"foundingDate\":\"2010-08-01\",\"numberOfEmployees\":{\"@type\":\"QuantitativeValue\",\"minValue\":\"1\",\"maxValue\":\"10\"},\"telephone\":[\"+31681346989\"],\"contactPoint\":{\"@type\":\"ContactPoint\",\"telephone\":\"+31681346989\",\"email\":\"info@rudenko-photography.com\"},\"email\":\"info@rudenko-photography.com\",\"currenciesAccepted\":\"EUR, USD\",\"paymentAccepted\":\"Visa, MasterCard, Apple Pay, Google Pay, PayPal, and Ideal\",\"openingHoursSpecification\":{\"@type\":\"OpeningHoursSpecification\",\"dayOfWeek\":[\"Monday\",\"Tuesday\",\"Wednesday\",\"Thursday\",\"Friday\",\"Saturday\",\"Sunday\"],\"opens\":\"00:00\",\"closes\":\"23:59\"}},{\"@type\":\"Person\",\"@id\":\"https:\\\/\\\/rudenko-photography.com\\\/nl\\\/#\\\/schema\\\/person\\\/eff15e7a1c9a9f76d57e3fa04f6a9a90\",\"name\":\"aleksandria\"}]}<\/script>\n<!-- \/ Yoast SEO Premium plugin. -->","yoast_head_json":{"title":"Zakelijke branding fotoshoot in Amsterdam - Rudenko Photography","description":"Professionele branding fotograaf verzorgt een zakelijke branding fotoshoot in Amsterdam! Authentieke brandingfotografie, creatieve foto's!","robots":{"index":"index","follow":"follow","max-snippet":"max-snippet:-1","max-image-preview":"max-image-preview:large","max-video-preview":"max-video-preview:-1"},"canonical":"https:\/\/rudenko-photography.com\/nl\/business-branding-photoshoot-amsterdam\/","og_locale":"nl_NL","og_type":"article","og_title":"Zakelijke branding fotoshoot in Amsterdam","og_description":"Professionele branding fotograaf verzorgt een zakelijke branding fotoshoot in Amsterdam! Authentieke brandingfotografie, creatieve foto's!","og_url":"https:\/\/rudenko-photography.com\/nl\/business-branding-photoshoot-amsterdam\/","og_site_name":"Rudenko Photography","article_published_time":"2020-01-25T17:27:58+00:00","article_modified_time":"2026-03-28T11:17:48+00:00","og_image":[{"width":900,"height":1200,"url":"https:\/\/bucket-wp-uploads.s3.eu-central-1.amazonaws.com\/wp-content\/uploads\/2021\/04\/hair-studio-aram-manoukian-header-1.jpg","type":"image\/jpeg"}],"author":"aleksandria","twitter_card":"summary_large_image","schema":{"@context":"https:\/\/schema.org","@graph":[{"@type":"Article","@id":"https:\/\/rudenko-photography.com\/nl\/business-branding-photoshoot-amsterdam\/#article","isPartOf":{"@id":"https:\/\/rudenko-photography.com\/nl\/business-branding-photoshoot-amsterdam\/"},"author":{"name":"aleksandria","@id":"https:\/\/rudenko-photography.com\/nl\/#\/schema\/person\/eff15e7a1c9a9f76d57e3fa04f6a9a90"},"headline":"Zakelijke branding fotoshoot in Amsterdam","datePublished":"2020-01-25T17:27:58+00:00","dateModified":"2026-03-28T11:17:48+00:00","mainEntityOfPage":{"@id":"https:\/\/rudenko-photography.com\/nl\/business-branding-photoshoot-amsterdam\/"},"wordCount":630,"publisher":{"@id":"https:\/\/rudenko-photography.com\/nl\/#organization"},"image":{"@id":"https:\/\/rudenko-photography.com\/nl\/business-branding-photoshoot-amsterdam\/#primaryimage"},"thumbnailUrl":"https:\/\/bucket-wp-uploads.s3.eu-central-1.amazonaws.com\/wp-content\/uploads\/2021\/04\/hair-studio-aram-manoukian-header-1.jpg","articleSection":["Zakelijk"],"inLanguage":"nl-NL"},{"@type":"WebPage","@id":"https:\/\/rudenko-photography.com\/nl\/business-branding-photoshoot-amsterdam\/","url":"https:\/\/rudenko-photography.com\/nl\/business-branding-photoshoot-amsterdam\/","name":"Zakelijke branding fotoshoot in Amsterdam - Rudenko Photography","isPartOf":{"@id":"https:\/\/rudenko-photography.com\/nl\/#website"},"primaryImageOfPage":{"@id":"https:\/\/rudenko-photography.com\/nl\/business-branding-photoshoot-amsterdam\/#primaryimage"},"image":{"@id":"https:\/\/rudenko-photography.com\/nl\/business-branding-photoshoot-amsterdam\/#primaryimage"},"thumbnailUrl":"https:\/\/bucket-wp-uploads.s3.eu-central-1.amazonaws.com\/wp-content\/uploads\/2021\/04\/hair-studio-aram-manoukian-header-1.jpg","datePublished":"2020-01-25T17:27:58+00:00","dateModified":"2026-03-28T11:17:48+00:00","description":"Professionele branding fotograaf verzorgt een zakelijke branding fotoshoot in Amsterdam! Authentieke brandingfotografie, creatieve foto's!","breadcrumb":{"@id":"https:\/\/rudenko-photography.com\/nl\/business-branding-photoshoot-amsterdam\/#breadcrumb"},"inLanguage":"nl-NL","potentialAction":[{"@type":"ReadAction","target":["https:\/\/rudenko-photography.com\/nl\/business-branding-photoshoot-amsterdam\/"]}]},{"@type":"ImageObject","inLanguage":"nl-NL","@id":"https:\/\/rudenko-photography.com\/nl\/business-branding-photoshoot-amsterdam\/#primaryimage","url":"https:\/\/bucket-wp-uploads.s3.eu-central-1.amazonaws.com\/wp-content\/uploads\/2021\/04\/hair-studio-aram-manoukian-header-1.jpg","contentUrl":"https:\/\/bucket-wp-uploads.s3.eu-central-1.amazonaws.com\/wp-content\/uploads\/2021\/04\/hair-studio-aram-manoukian-header-1.jpg","width":900,"height":1200,"caption":"Zakelijke branding fotoshoot in Amsterdam"},{"@type":"BreadcrumbList","@id":"https:\/\/rudenko-photography.com\/nl\/business-branding-photoshoot-amsterdam\/#breadcrumb","itemListElement":[{"@type":"ListItem","position":1,"name":"Home","item":"https:\/\/rudenko-photography.com\/nl\/"},{"@type":"ListItem","position":2,"name":"Zakelijke branding fotoshoot in Amsterdam"}]},{"@type":"WebSite","@id":"https:\/\/rudenko-photography.com\/nl\/#website","url":"https:\/\/rudenko-photography.com\/nl\/","name":"Rudenko Photography","description":"Top-rated Professional Amsterdam Photographer","publisher":{"@id":"https:\/\/rudenko-photography.com\/nl\/#organization"},"potentialAction":[{"@type":"SearchAction","target":{"@type":"EntryPoint","urlTemplate":"https:\/\/rudenko-photography.com\/nl\/?s={search_term_string}"},"query-input":{"@type":"PropertyValueSpecification","valueRequired":true,"valueName":"search_term_string"}}],"inLanguage":"nl-NL"},{"@type":["Organization","Place","LocalBusiness"],"@id":"https:\/\/rudenko-photography.com\/nl\/#organization","name":"Rudenko Photography","url":"https:\/\/rudenko-photography.com\/en\/","logo":{"@type":"ImageObject","inLanguage":"nl-NL","@id":"https:\/\/rudenko-photography.com\/nl\/#\/schema\/logo\/image\/","url":"https:\/\/bucket-wp-uploads.s3.eu-central-1.amazonaws.com\/wp-content\/uploads\/2020\/06\/small-logo.png","contentUrl":"https:\/\/bucket-wp-uploads.s3.eu-central-1.amazonaws.com\/wp-content\/uploads\/2020\/06\/small-logo.png","width":508,"height":508,"caption":"Rudenko Photography"},"image":{"@id":"https:\/\/rudenko-photography.com\/nl\/#\/schema\/logo\/image\/"},"sameAs":["https:\/\/www.instagram.com\/rudenko.photography","https:\/\/www.tiktok.com\/@photographeramsterdam"],"description":"I am a top-rated professional photographer in Amsterdam, celebrated for my high-quality, cinematic portraits. With a personalized approach that prioritizes quality over quantity, I capture vibrant memories that resonate deeply and are cherished for generations. Below is an overview of my diverse photography services: Couples Photography: Specializing in capturing intimate and memorable moments through proposal and engagement photoshoots. Family Photography: Dedicated sessions tailored to family dynamics, including special packages for pregnancy and maternity, capturing life's precious milestones. Wedding Photography: Comprehensive coverage designed to capture every detail of your special day. Portrait Photography: Focused on enhancing both personal and professional images through carefully styled portrait sessions, ideal for personal branding and dating profiles. Business Photography: Services include event coverage, branding, and product photography, aimed at elevating business presence. Tulip Field Photoshoots: Iconic photoshoots set in Keukenhofd\u2019s picturesque tulip fields, offering a unique backdrop. Group Photoshoots: Ideal for bachelorette parties, hen dos, and other group celebrations, capturing vibrant and festive moments. Analog Photography: Embracing the classic art of photofilm photography to create timeless portraits. Gift Cards: Digital photoshoot gift cards available, providing a unique gift option that shares the joy of professional photography. Approach to Photography: Client Experience: Clients enjoy a relaxed photoshoot atmosphere where they can be themselves, have fun, and not worry about feeling awkward. Creative Process: We collaboratively craft natural photographs that capture emotional stories and meaningful moments, paying attention to every small detail. Preparation: Each session is meticulously planned, including mapping picturesque routes and suggesting creative outfits, ensuring every photo captures the unique essence of the moment.","foundingDate":"2010-08-01","numberOfEmployees":{"@type":"QuantitativeValue","minValue":"1","maxValue":"10"},"telephone":["+31681346989"],"contactPoint":{"@type":"ContactPoint","telephone":"+31681346989","email":"info@rudenko-photography.com"},"email":"info@rudenko-photography.com","currenciesAccepted":"EUR, USD","paymentAccepted":"Visa, MasterCard, Apple Pay, Google Pay, PayPal, and Ideal","openingHoursSpecification":{"@type":"OpeningHoursSpecification","dayOfWeek":["Monday","Tuesday","Wednesday","Thursday","Friday","Saturday","Sunday"],"opens":"00:00","closes":"23:59"}},{"@type":"Person","@id":"https:\/\/rudenko-photography.com\/nl\/#\/schema\/person\/eff15e7a1c9a9f76d57e3fa04f6a9a90","name":"aleksandria"}]}},"_links":{"self":[{"href":"https:\/\/rudenko-photography.com\/nl\/wp-json\/wp\/v2\/posts\/38790","targetHints":{"allow":["GET"]}}],"collection":[{"href":"https:\/\/rudenko-photography.com\/nl\/wp-json\/wp\/v2\/posts"}],"about":[{"href":"https:\/\/rudenko-photography.com\/nl\/wp-json\/wp\/v2\/types\/post"}],"author":[{"embeddable":true,"href":"https:\/\/rudenko-photography.com\/nl\/wp-json\/wp\/v2\/users\/3"}],"replies":[{"embeddable":true,"href":"https:\/\/rudenko-photography.com\/nl\/wp-json\/wp\/v2\/comments?post=38790"}],"version-history":[{"count":2,"href":"https:\/\/rudenko-photography.com\/nl\/wp-json\/wp\/v2\/posts\/38790\/revisions"}],"predecessor-version":[{"id":69058,"href":"https:\/\/rudenko-photography.com\/nl\/wp-json\/wp\/v2\/posts\/38790\/revisions\/69058"}],"wp:featuredmedia":[{"embeddable":true,"href":"https:\/\/rudenko-photography.com\/nl\/wp-json\/wp\/v2\/media\/37603"}],"wp:attachment":[{"href":"https:\/\/rudenko-photography.com\/nl\/wp-json\/wp\/v2\/media?parent=38790"}],"wp:term":[{"taxonomy":"category","embeddable":true,"href":"https:\/\/rudenko-photography.com\/nl\/wp-json\/wp\/v2\/categories?post=38790"},{"taxonomy":"post_tag","embeddable":true,"href":"https:\/\/rudenko-photography.com\/nl\/wp-json\/wp\/v2\/tags?post=38790"}],"curies":[{"name":"wp","href":"https:\/\/api.w.org\/{rel}","templated":true}]}}