{"id":14175,"date":"2020-01-22T19:19:40","date_gmt":"2020-01-22T18:19:40","guid":{"rendered":"https:\/\/rudenko-photography.com\/?p=14175"},"modified":"2026-02-15T19:39:39","modified_gmt":"2026-02-15T18:39:39","slug":"business-conference-photoshoot-amsterdam","status":"publish","type":"post","link":"https:\/\/rudenko-photography.com\/nl\/business-conference-photoshoot-amsterdam\/","title":{"rendered":"Zakelijke conferentie fotoshoot in Amsterdam"},"content":{"rendered":"<div class=\"wpb-content-wrapper\"><p>[vc_row][vc_column][vc_column_text]<\/p>\r\n\n\t\t<style type=\"text\/css\">\n\t\t\t#gallery-1 {\n\t\t\t\tmargin: auto;\n\t\t\t}\n\t\t\t#gallery-1 .gallery-item {\n\t\t\t\tfloat: left;\n\t\t\t\tmargin-top: 10px;\n\t\t\t\ttext-align: center;\n\t\t\t\twidth: 50%;\n\t\t\t}\n\t\t\t#gallery-1 img {\n\t\t\t\tborder: 2px solid #cfcfcf;\n\t\t\t}\n\t\t\t#gallery-1 .gallery-caption {\n\t\t\t\tmargin-left: 0;\n\t\t\t}\n\t\t\t\/* see gallery_shortcode() in wp-includes\/media.php *\/\n\t\t<\/style>\n\t\t<div id='gallery-1' class='gallery galleryid-14175 gallery-columns-2 gallery-size-thumbnail'><dl class='gallery-item'>\n\t\t\t<dt class='gallery-icon landscape'>\n\t\t\t\t<img loading=\"lazy\" decoding=\"async\" width=\"150\" height=\"150\" src=\"https:\/\/bucket-wp-uploads.s3.eu-central-1.amazonaws.com\/wp-content\/uploads\/2017\/09\/abn-amro-it-international-conference-10-150x150.jpg\" class=\"attachment-thumbnail size-thumbnail\" alt=\"\" \/>\n\t\t\t<\/dt><\/dl><dl class='gallery-item'>\n\t\t\t<dt class='gallery-icon landscape'>\n\t\t\t\t<img loading=\"lazy\" decoding=\"async\" width=\"150\" height=\"150\" src=\"https:\/\/bucket-wp-uploads.s3.eu-central-1.amazonaws.com\/wp-content\/uploads\/2017\/09\/abn-amro-it-international-conference-7-150x150.jpg\" class=\"attachment-thumbnail size-thumbnail\" alt=\"\" \/>\n\t\t\t<\/dt><\/dl><br style=\"clear: both\" \/><dl class='gallery-item'>\n\t\t\t<dt class='gallery-icon landscape'>\n\t\t\t\t<img loading=\"lazy\" decoding=\"async\" width=\"150\" height=\"150\" src=\"https:\/\/bucket-wp-uploads.s3.eu-central-1.amazonaws.com\/wp-content\/uploads\/2017\/09\/abn-amro-it-international-conference-32-150x150.jpg\" class=\"attachment-thumbnail size-thumbnail\" alt=\"\" \/>\n\t\t\t<\/dt><\/dl><dl class='gallery-item'>\n\t\t\t<dt class='gallery-icon landscape'>\n\t\t\t\t<img loading=\"lazy\" decoding=\"async\" width=\"150\" height=\"150\" src=\"https:\/\/bucket-wp-uploads.s3.eu-central-1.amazonaws.com\/wp-content\/uploads\/2017\/09\/abn-amro-it-international-conference-20-150x150.jpg\" class=\"attachment-thumbnail size-thumbnail\" alt=\"\" \/>\n\t\t\t<\/dt><\/dl><br style=\"clear: both\" \/><dl class='gallery-item'>\n\t\t\t<dt class='gallery-icon landscape'>\n\t\t\t\t<img loading=\"lazy\" decoding=\"async\" width=\"150\" height=\"150\" src=\"https:\/\/bucket-wp-uploads.s3.eu-central-1.amazonaws.com\/wp-content\/uploads\/2017\/09\/abn-amro-it-international-conference-2-150x150.jpg\" class=\"attachment-thumbnail size-thumbnail\" alt=\"\" \/>\n\t\t\t<\/dt><\/dl><dl class='gallery-item'>\n\t\t\t<dt class='gallery-icon landscape'>\n\t\t\t\t<img loading=\"lazy\" decoding=\"async\" width=\"150\" height=\"150\" src=\"https:\/\/bucket-wp-uploads.s3.eu-central-1.amazonaws.com\/wp-content\/uploads\/2017\/09\/abn-amro-it-international-conference-23-150x150.jpg\" class=\"attachment-thumbnail size-thumbnail\" alt=\"\" \/>\n\t\t\t<\/dt><\/dl><br style=\"clear: both\" \/><dl class='gallery-item'>\n\t\t\t<dt class='gallery-icon landscape'>\n\t\t\t\t<img loading=\"lazy\" decoding=\"async\" width=\"150\" height=\"150\" src=\"https:\/\/bucket-wp-uploads.s3.eu-central-1.amazonaws.com\/wp-content\/uploads\/2017\/09\/abn-amro-it-international-conference-19-150x150.jpg\" class=\"attachment-thumbnail size-thumbnail\" alt=\"\" \/>\n\t\t\t<\/dt><\/dl><dl class='gallery-item'>\n\t\t\t<dt class='gallery-icon landscape'>\n\t\t\t\t<img loading=\"lazy\" decoding=\"async\" width=\"150\" height=\"150\" src=\"https:\/\/bucket-wp-uploads.s3.eu-central-1.amazonaws.com\/wp-content\/uploads\/2017\/09\/abn-amro-it-international-conference-27-150x150.jpg\" class=\"attachment-thumbnail size-thumbnail\" alt=\"\" \/>\n\t\t\t<\/dt><\/dl><br style=\"clear: both\" \/><dl class='gallery-item'>\n\t\t\t<dt class='gallery-icon landscape'>\n\t\t\t\t<img loading=\"lazy\" decoding=\"async\" width=\"150\" height=\"150\" src=\"https:\/\/bucket-wp-uploads.s3.eu-central-1.amazonaws.com\/wp-content\/uploads\/2017\/09\/abn-amro-it-international-conference-30-150x150.jpg\" class=\"attachment-thumbnail size-thumbnail\" alt=\"\" \/>\n\t\t\t<\/dt><\/dl><dl class='gallery-item'>\n\t\t\t<dt class='gallery-icon landscape'>\n\t\t\t\t<img loading=\"lazy\" decoding=\"async\" width=\"150\" height=\"150\" src=\"https:\/\/bucket-wp-uploads.s3.eu-central-1.amazonaws.com\/wp-content\/uploads\/2017\/09\/abn-amro-it-international-conference-26-150x150.jpg\" class=\"attachment-thumbnail size-thumbnail\" alt=\"\" \/>\n\t\t\t<\/dt><\/dl><br style=\"clear: both\" \/><dl class='gallery-item'>\n\t\t\t<dt class='gallery-icon landscape'>\n\t\t\t\t<img loading=\"lazy\" decoding=\"async\" width=\"150\" height=\"150\" src=\"https:\/\/bucket-wp-uploads.s3.eu-central-1.amazonaws.com\/wp-content\/uploads\/2017\/09\/abn-amro-it-international-conference-22-150x150.jpg\" class=\"attachment-thumbnail size-thumbnail\" alt=\"\" \/>\n\t\t\t<\/dt><\/dl><dl class='gallery-item'>\n\t\t\t<dt class='gallery-icon landscape'>\n\t\t\t\t<img loading=\"lazy\" decoding=\"async\" width=\"150\" height=\"150\" src=\"https:\/\/bucket-wp-uploads.s3.eu-central-1.amazonaws.com\/wp-content\/uploads\/2017\/09\/abn-amro-it-international-conference-34-150x150.jpg\" class=\"attachment-thumbnail size-thumbnail\" alt=\"\" \/>\n\t\t\t<\/dt><\/dl><br style=\"clear: both\" \/><dl class='gallery-item'>\n\t\t\t<dt class='gallery-icon landscape'>\n\t\t\t\t<img loading=\"lazy\" decoding=\"async\" width=\"150\" height=\"150\" src=\"https:\/\/bucket-wp-uploads.s3.eu-central-1.amazonaws.com\/wp-content\/uploads\/2017\/09\/abn-amro-it-international-conference-31-150x150.jpg\" class=\"attachment-thumbnail size-thumbnail\" alt=\"\" \/>\n\t\t\t<\/dt><\/dl>\n\t\t\t<br style='clear: both' \/>\n\t\t<\/div>\n\r\n\n\t\t<style type=\"text\/css\">\n\t\t\t#gallery-2 {\n\t\t\t\tmargin: auto;\n\t\t\t}\n\t\t\t#gallery-2 .gallery-item {\n\t\t\t\tfloat: left;\n\t\t\t\tmargin-top: 10px;\n\t\t\t\ttext-align: center;\n\t\t\t\twidth: 33%;\n\t\t\t}\n\t\t\t#gallery-2 img {\n\t\t\t\tborder: 2px solid #cfcfcf;\n\t\t\t}\n\t\t\t#gallery-2 .gallery-caption {\n\t\t\t\tmargin-left: 0;\n\t\t\t}\n\t\t\t\/* see gallery_shortcode() in wp-includes\/media.php *\/\n\t\t<\/style>\n\t\t<div id='gallery-2' class='gallery galleryid-14175 gallery-columns-3 gallery-size-thumbnail'><dl class='gallery-item'>\n\t\t\t<dt class='gallery-icon portrait'>\n\t\t\t\t<img loading=\"lazy\" decoding=\"async\" width=\"150\" height=\"150\" src=\"https:\/\/bucket-wp-uploads.s3.eu-central-1.amazonaws.com\/wp-content\/uploads\/2017\/09\/abn-amro-it-international-conference-33-150x150.jpg\" class=\"attachment-thumbnail size-thumbnail\" alt=\"\" \/>\n\t\t\t<\/dt><\/dl><dl class='gallery-item'>\n\t\t\t<dt class='gallery-icon portrait'>\n\t\t\t\t<img loading=\"lazy\" decoding=\"async\" width=\"150\" height=\"150\" src=\"https:\/\/bucket-wp-uploads.s3.eu-central-1.amazonaws.com\/wp-content\/uploads\/2017\/09\/abn-amro-it-international-conference-13-150x150.jpg\" class=\"attachment-thumbnail size-thumbnail\" alt=\"\" \/>\n\t\t\t<\/dt><\/dl><dl class='gallery-item'>\n\t\t\t<dt class='gallery-icon portrait'>\n\t\t\t\t<img loading=\"lazy\" decoding=\"async\" width=\"150\" height=\"150\" src=\"https:\/\/bucket-wp-uploads.s3.eu-central-1.amazonaws.com\/wp-content\/uploads\/2017\/09\/abn-amro-it-international-conference-60-150x150.jpg\" class=\"attachment-thumbnail size-thumbnail\" alt=\"\" \/>\n\t\t\t<\/dt><\/dl><br style=\"clear: both\" \/>\n\t\t<\/div>\n\r\n\n\t\t<style type=\"text\/css\">\n\t\t\t#gallery-3 {\n\t\t\t\tmargin: auto;\n\t\t\t}\n\t\t\t#gallery-3 .gallery-item {\n\t\t\t\tfloat: left;\n\t\t\t\tmargin-top: 10px;\n\t\t\t\ttext-align: center;\n\t\t\t\twidth: 50%;\n\t\t\t}\n\t\t\t#gallery-3 img {\n\t\t\t\tborder: 2px solid #cfcfcf;\n\t\t\t}\n\t\t\t#gallery-3 .gallery-caption {\n\t\t\t\tmargin-left: 0;\n\t\t\t}\n\t\t\t\/* see gallery_shortcode() in wp-includes\/media.php *\/\n\t\t<\/style>\n\t\t<div id='gallery-3' class='gallery galleryid-14175 gallery-columns-2 gallery-size-thumbnail'><dl class='gallery-item'>\n\t\t\t<dt class='gallery-icon landscape'>\n\t\t\t\t<img loading=\"lazy\" decoding=\"async\" width=\"150\" height=\"150\" src=\"https:\/\/bucket-wp-uploads.s3.eu-central-1.amazonaws.com\/wp-content\/uploads\/2017\/09\/abn-amro-it-international-conference-11-150x150.jpg\" class=\"attachment-thumbnail size-thumbnail\" alt=\"\" \/>\n\t\t\t<\/dt><\/dl><dl class='gallery-item'>\n\t\t\t<dt class='gallery-icon landscape'>\n\t\t\t\t<img loading=\"lazy\" decoding=\"async\" width=\"150\" height=\"150\" src=\"https:\/\/bucket-wp-uploads.s3.eu-central-1.amazonaws.com\/wp-content\/uploads\/2017\/09\/abn-amro-it-international-conference-8-150x150.jpg\" class=\"attachment-thumbnail size-thumbnail\" alt=\"\" \/>\n\t\t\t<\/dt><\/dl><br style=\"clear: both\" \/><dl class='gallery-item'>\n\t\t\t<dt class='gallery-icon landscape'>\n\t\t\t\t<img loading=\"lazy\" decoding=\"async\" width=\"150\" height=\"150\" src=\"https:\/\/bucket-wp-uploads.s3.eu-central-1.amazonaws.com\/wp-content\/uploads\/2017\/09\/abn-amro-it-international-conference-9-150x150.jpg\" class=\"attachment-thumbnail size-thumbnail\" alt=\"\" \/>\n\t\t\t<\/dt><\/dl><dl class='gallery-item'>\n\t\t\t<dt class='gallery-icon landscape'>\n\t\t\t\t<img loading=\"lazy\" decoding=\"async\" width=\"150\" height=\"150\" src=\"https:\/\/bucket-wp-uploads.s3.eu-central-1.amazonaws.com\/wp-content\/uploads\/2017\/09\/abn-amro-it-international-conference-12-150x150.jpg\" class=\"attachment-thumbnail size-thumbnail\" alt=\"\" \/>\n\t\t\t<\/dt><\/dl><br style=\"clear: both\" \/><dl class='gallery-item'>\n\t\t\t<dt class='gallery-icon landscape'>\n\t\t\t\t<img loading=\"lazy\" decoding=\"async\" width=\"150\" height=\"150\" src=\"https:\/\/bucket-wp-uploads.s3.eu-central-1.amazonaws.com\/wp-content\/uploads\/2017\/09\/abn-amro-it-international-conference-17-150x150.jpg\" class=\"attachment-thumbnail size-thumbnail\" alt=\"Zakelijke conferentie fotoshoot in Amsterdam\" \/>\n\t\t\t<\/dt><\/dl><dl class='gallery-item'>\n\t\t\t<dt class='gallery-icon landscape'>\n\t\t\t\t<img loading=\"lazy\" decoding=\"async\" width=\"150\" height=\"150\" src=\"https:\/\/bucket-wp-uploads.s3.eu-central-1.amazonaws.com\/wp-content\/uploads\/2017\/09\/abn-amro-it-international-conference-15-150x150.jpg\" class=\"attachment-thumbnail size-thumbnail\" alt=\"\" \/>\n\t\t\t<\/dt><\/dl><br style=\"clear: both\" \/><dl class='gallery-item'>\n\t\t\t<dt class='gallery-icon landscape'>\n\t\t\t\t<img loading=\"lazy\" decoding=\"async\" width=\"150\" height=\"150\" src=\"https:\/\/bucket-wp-uploads.s3.eu-central-1.amazonaws.com\/wp-content\/uploads\/2017\/09\/abn-amro-it-international-conference-16-150x150.jpg\" class=\"attachment-thumbnail size-thumbnail\" alt=\"\" \/>\n\t\t\t<\/dt><\/dl><dl class='gallery-item'>\n\t\t\t<dt class='gallery-icon landscape'>\n\t\t\t\t<img loading=\"lazy\" decoding=\"async\" width=\"150\" height=\"150\" src=\"https:\/\/bucket-wp-uploads.s3.eu-central-1.amazonaws.com\/wp-content\/uploads\/2017\/09\/abn-amro-it-international-conference-18-150x150.jpg\" class=\"attachment-thumbnail size-thumbnail\" alt=\"\" \/>\n\t\t\t<\/dt><\/dl><br style=\"clear: both\" \/><dl class='gallery-item'>\n\t\t\t<dt class='gallery-icon landscape'>\n\t\t\t\t<img loading=\"lazy\" decoding=\"async\" width=\"150\" height=\"150\" src=\"https:\/\/bucket-wp-uploads.s3.eu-central-1.amazonaws.com\/wp-content\/uploads\/2017\/09\/abn-amro-it-international-conference-5-150x150.jpg\" class=\"attachment-thumbnail size-thumbnail\" alt=\"\" \/>\n\t\t\t<\/dt><\/dl>\n\t\t\t<br style='clear: both' \/>\n\t\t<\/div>\n\r\n\n\t\t<style type=\"text\/css\">\n\t\t\t#gallery-4 {\n\t\t\t\tmargin: auto;\n\t\t\t}\n\t\t\t#gallery-4 .gallery-item {\n\t\t\t\tfloat: left;\n\t\t\t\tmargin-top: 10px;\n\t\t\t\ttext-align: center;\n\t\t\t\twidth: 50%;\n\t\t\t}\n\t\t\t#gallery-4 img {\n\t\t\t\tborder: 2px solid #cfcfcf;\n\t\t\t}\n\t\t\t#gallery-4 .gallery-caption {\n\t\t\t\tmargin-left: 0;\n\t\t\t}\n\t\t\t\/* see gallery_shortcode() in wp-includes\/media.php *\/\n\t\t<\/style>\n\t\t<div id='gallery-4' class='gallery galleryid-14175 gallery-columns-2 gallery-size-thumbnail'><dl class='gallery-item'>\n\t\t\t<dt class='gallery-icon landscape'>\n\t\t\t\t<img loading=\"lazy\" decoding=\"async\" width=\"150\" height=\"150\" src=\"https:\/\/bucket-wp-uploads.s3.eu-central-1.amazonaws.com\/wp-content\/uploads\/2017\/09\/abn-amro-it-international-conference-35-150x150.jpg\" class=\"attachment-thumbnail size-thumbnail\" alt=\"\" \/>\n\t\t\t<\/dt><\/dl><dl class='gallery-item'>\n\t\t\t<dt class='gallery-icon landscape'>\n\t\t\t\t<img loading=\"lazy\" decoding=\"async\" width=\"150\" height=\"150\" src=\"https:\/\/bucket-wp-uploads.s3.eu-central-1.amazonaws.com\/wp-content\/uploads\/2017\/09\/abn-amro-it-international-conference-49-150x150.jpg\" class=\"attachment-thumbnail size-thumbnail\" alt=\"\" \/>\n\t\t\t<\/dt><\/dl><br style=\"clear: both\" \/><dl class='gallery-item'>\n\t\t\t<dt class='gallery-icon landscape'>\n\t\t\t\t<img loading=\"lazy\" decoding=\"async\" width=\"150\" height=\"150\" src=\"https:\/\/bucket-wp-uploads.s3.eu-central-1.amazonaws.com\/wp-content\/uploads\/2017\/09\/abn-amro-it-international-conference-42-150x150.jpg\" class=\"attachment-thumbnail size-thumbnail\" alt=\"\" \/>\n\t\t\t<\/dt><\/dl><dl class='gallery-item'>\n\t\t\t<dt class='gallery-icon landscape'>\n\t\t\t\t<img loading=\"lazy\" decoding=\"async\" width=\"150\" height=\"150\" src=\"https:\/\/bucket-wp-uploads.s3.eu-central-1.amazonaws.com\/wp-content\/uploads\/2017\/09\/abn-amro-it-international-conference-51-150x150.jpg\" class=\"attachment-thumbnail size-thumbnail\" alt=\"\" \/>\n\t\t\t<\/dt><\/dl><br style=\"clear: both\" \/><dl class='gallery-item'>\n\t\t\t<dt class='gallery-icon landscape'>\n\t\t\t\t<img loading=\"lazy\" decoding=\"async\" width=\"150\" height=\"150\" src=\"https:\/\/bucket-wp-uploads.s3.eu-central-1.amazonaws.com\/wp-content\/uploads\/2017\/09\/abn-amro-it-international-conference-61-150x150.jpg\" class=\"attachment-thumbnail size-thumbnail\" alt=\"\" \/>\n\t\t\t<\/dt><\/dl><dl class='gallery-item'>\n\t\t\t<dt class='gallery-icon landscape'>\n\t\t\t\t<img loading=\"lazy\" decoding=\"async\" width=\"150\" height=\"150\" src=\"https:\/\/bucket-wp-uploads.s3.eu-central-1.amazonaws.com\/wp-content\/uploads\/2017\/09\/abn-amro-it-international-conference-62-150x150.jpg\" class=\"attachment-thumbnail size-thumbnail\" alt=\"\" \/>\n\t\t\t<\/dt><\/dl><br style=\"clear: both\" \/>\n\t\t<\/div>\n\r\n\n\t\t<style type=\"text\/css\">\n\t\t\t#gallery-5 {\n\t\t\t\tmargin: auto;\n\t\t\t}\n\t\t\t#gallery-5 .gallery-item {\n\t\t\t\tfloat: left;\n\t\t\t\tmargin-top: 10px;\n\t\t\t\ttext-align: center;\n\t\t\t\twidth: 33%;\n\t\t\t}\n\t\t\t#gallery-5 img {\n\t\t\t\tborder: 2px solid #cfcfcf;\n\t\t\t}\n\t\t\t#gallery-5 .gallery-caption {\n\t\t\t\tmargin-left: 0;\n\t\t\t}\n\t\t\t\/* see gallery_shortcode() in wp-includes\/media.php *\/\n\t\t<\/style>\n\t\t<div id='gallery-5' class='gallery galleryid-14175 gallery-columns-3 gallery-size-thumbnail'><dl class='gallery-item'>\n\t\t\t<dt class='gallery-icon portrait'>\n\t\t\t\t<img loading=\"lazy\" decoding=\"async\" width=\"150\" height=\"150\" src=\"https:\/\/bucket-wp-uploads.s3.eu-central-1.amazonaws.com\/wp-content\/uploads\/2017\/09\/abn-amro-it-international-conference-52-150x150.jpg\" class=\"attachment-thumbnail size-thumbnail\" alt=\"\" \/>\n\t\t\t<\/dt><\/dl><dl class='gallery-item'>\n\t\t\t<dt class='gallery-icon portrait'>\n\t\t\t\t<img loading=\"lazy\" decoding=\"async\" width=\"150\" height=\"150\" src=\"https:\/\/bucket-wp-uploads.s3.eu-central-1.amazonaws.com\/wp-content\/uploads\/2017\/09\/abn-amro-it-international-conference-56-150x150.jpg\" class=\"attachment-thumbnail size-thumbnail\" alt=\"\" \/>\n\t\t\t<\/dt><\/dl><dl class='gallery-item'>\n\t\t\t<dt class='gallery-icon portrait'>\n\t\t\t\t<img loading=\"lazy\" decoding=\"async\" width=\"150\" height=\"150\" src=\"https:\/\/bucket-wp-uploads.s3.eu-central-1.amazonaws.com\/wp-content\/uploads\/2017\/09\/abn-amro-it-international-conference-40-150x150.jpg\" class=\"attachment-thumbnail size-thumbnail\" alt=\"\" \/>\n\t\t\t<\/dt><\/dl><br style=\"clear: both\" \/>\n\t\t<\/div>\n\r\n\n\t\t<style type=\"text\/css\">\n\t\t\t#gallery-6 {\n\t\t\t\tmargin: auto;\n\t\t\t}\n\t\t\t#gallery-6 .gallery-item {\n\t\t\t\tfloat: left;\n\t\t\t\tmargin-top: 10px;\n\t\t\t\ttext-align: center;\n\t\t\t\twidth: 50%;\n\t\t\t}\n\t\t\t#gallery-6 img {\n\t\t\t\tborder: 2px solid #cfcfcf;\n\t\t\t}\n\t\t\t#gallery-6 .gallery-caption {\n\t\t\t\tmargin-left: 0;\n\t\t\t}\n\t\t\t\/* see gallery_shortcode() in wp-includes\/media.php *\/\n\t\t<\/style>\n\t\t<div id='gallery-6' class='gallery galleryid-14175 gallery-columns-2 gallery-size-thumbnail'><dl class='gallery-item'>\n\t\t\t<dt class='gallery-icon landscape'>\n\t\t\t\t<img loading=\"lazy\" decoding=\"async\" width=\"150\" height=\"150\" src=\"https:\/\/bucket-wp-uploads.s3.eu-central-1.amazonaws.com\/wp-content\/uploads\/2017\/09\/abn-amro-it-international-conference-59-150x150.jpg\" class=\"attachment-thumbnail size-thumbnail\" alt=\"\" \/>\n\t\t\t<\/dt><\/dl><dl class='gallery-item'>\n\t\t\t<dt class='gallery-icon landscape'>\n\t\t\t\t<img loading=\"lazy\" decoding=\"async\" width=\"150\" height=\"150\" src=\"https:\/\/bucket-wp-uploads.s3.eu-central-1.amazonaws.com\/wp-content\/uploads\/2017\/09\/abn-amro-it-international-conference-58-150x150.jpg\" class=\"attachment-thumbnail size-thumbnail\" alt=\"\" \/>\n\t\t\t<\/dt><\/dl><br style=\"clear: both\" \/><dl class='gallery-item'>\n\t\t\t<dt class='gallery-icon landscape'>\n\t\t\t\t<img loading=\"lazy\" decoding=\"async\" width=\"150\" height=\"150\" src=\"https:\/\/bucket-wp-uploads.s3.eu-central-1.amazonaws.com\/wp-content\/uploads\/2017\/09\/abn-amro-it-international-conference-54-150x150.jpg\" class=\"attachment-thumbnail size-thumbnail\" alt=\"\" \/>\n\t\t\t<\/dt><\/dl><dl class='gallery-item'>\n\t\t\t<dt class='gallery-icon landscape'>\n\t\t\t\t<img loading=\"lazy\" decoding=\"async\" width=\"150\" height=\"150\" src=\"https:\/\/bucket-wp-uploads.s3.eu-central-1.amazonaws.com\/wp-content\/uploads\/2017\/09\/abn-amro-it-international-conference-57-150x150.jpg\" class=\"attachment-thumbnail size-thumbnail\" alt=\"\" \/>\n\t\t\t<\/dt><\/dl><br style=\"clear: both\" \/><dl class='gallery-item'>\n\t\t\t<dt class='gallery-icon landscape'>\n\t\t\t\t<img loading=\"lazy\" decoding=\"async\" width=\"150\" height=\"150\" src=\"https:\/\/bucket-wp-uploads.s3.eu-central-1.amazonaws.com\/wp-content\/uploads\/2017\/09\/abn-amro-it-international-conference-48-150x150.jpg\" class=\"attachment-thumbnail size-thumbnail\" alt=\"\" \/>\n\t\t\t<\/dt><\/dl><dl class='gallery-item'>\n\t\t\t<dt class='gallery-icon landscape'>\n\t\t\t\t<img loading=\"lazy\" decoding=\"async\" width=\"150\" height=\"150\" src=\"https:\/\/bucket-wp-uploads.s3.eu-central-1.amazonaws.com\/wp-content\/uploads\/2017\/09\/abn-amro-it-international-conference-36-150x150.jpg\" class=\"attachment-thumbnail size-thumbnail\" alt=\"\" \/>\n\t\t\t<\/dt><\/dl><br style=\"clear: both\" \/><dl class='gallery-item'>\n\t\t\t<dt class='gallery-icon landscape'>\n\t\t\t\t<img loading=\"lazy\" decoding=\"async\" width=\"150\" height=\"150\" src=\"https:\/\/bucket-wp-uploads.s3.eu-central-1.amazonaws.com\/wp-content\/uploads\/2017\/09\/abn-amro-it-international-conference-63-150x150.jpg\" class=\"attachment-thumbnail size-thumbnail\" alt=\"\" \/>\n\t\t\t<\/dt><\/dl><dl class='gallery-item'>\n\t\t\t<dt class='gallery-icon landscape'>\n\t\t\t\t<img loading=\"lazy\" decoding=\"async\" width=\"150\" height=\"150\" src=\"https:\/\/bucket-wp-uploads.s3.eu-central-1.amazonaws.com\/wp-content\/uploads\/2017\/09\/abn-amro-it-international-conference-41-150x150.jpg\" class=\"attachment-thumbnail size-thumbnail\" alt=\"\" \/>\n\t\t\t<\/dt><\/dl><br style=\"clear: both\" \/><dl class='gallery-item'>\n\t\t\t<dt class='gallery-icon landscape'>\n\t\t\t\t<img loading=\"lazy\" decoding=\"async\" width=\"150\" height=\"150\" src=\"https:\/\/bucket-wp-uploads.s3.eu-central-1.amazonaws.com\/wp-content\/uploads\/2017\/09\/abn-amro-it-international-conference-43-150x150.jpg\" class=\"attachment-thumbnail size-thumbnail\" alt=\"\" \/>\n\t\t\t<\/dt><\/dl><dl class='gallery-item'>\n\t\t\t<dt class='gallery-icon landscape'>\n\t\t\t\t<img loading=\"lazy\" decoding=\"async\" width=\"150\" height=\"150\" src=\"https:\/\/bucket-wp-uploads.s3.eu-central-1.amazonaws.com\/wp-content\/uploads\/2017\/09\/abn-amro-it-international-conference-47-150x150.jpg\" class=\"attachment-thumbnail size-thumbnail\" alt=\"\" \/>\n\t\t\t<\/dt><\/dl><br style=\"clear: both\" \/>\n\t\t<\/div>\n\r\n<p>[\/vc_column_text][vc_column_text css=&#8221;&#8221;]<\/p>\r\n<h2 style=\"text-align: justify;\"><span style=\"font-size: 16px;\">Zakelijke conferentie fotoshoot in Amsterdam: ABN AMRO&#8217;s IT-event professioneel vastgelegd<\/span><\/h2>\r\n<p style=\"text-align: justify;\">Onlangs had ik de kans om de Global IT Conference van ABN AMRO te fotograferen in het duurzame Circl-gebouw in hartje Amsterdam. Als ervaren conferentie- en bedrijfsfotograaf wist ik dat het vastleggen van zowel de inhoud als de sfeer van dit inspirerende zakelijke event essentieel zou zijn. De moderne, circulaire architectuur van de locatie vormde een stijlvol decor voor levendige en betekenisvolle beelden. Mijn doel? De energie en professionaliteit van de deelnemers tastbaar maken via krachtige zakelijke fotografie.<\/p>\r\n<h2 style=\"text-align: justify;\"><span style=\"font-size: 16px;\">Effectieve technieken binnen zakelijke eventfotografie<\/span><\/h2>\r\n<p style=\"text-align: justify;\">Bij een evenement van dit kaliber is het belangrijk om oog te hebben voor zowel spontane interacties als zorgvuldig geplande momenten. De conferentie bood een mix van keynote speeches, netwerksessies en panelgesprekken, die ik in diverse stijlen vastlegde \u2014 van dynamische overzichtsfoto\u2019s tot intieme close-ups. Deze <a style=\"color: #bc8a53;\" href=\"https:\/\/rudenko-photography.com\/nl\/about\/\" target=\"_blank\" rel=\"noopener\">aanpak<\/a> zorgde voor een evenwichtige visuele weergave van het event, waarin zowel de inhoud als de connectie tussen de deelnemers centraal stond.<\/p>\r\n<h2 style=\"text-align: justify;\"><span style=\"font-size: 16px;\">Sfeergevoelig fotograferen tijdens een zakelijke conferentie fotoshoot in Amsterdam<\/span><\/h2>\r\n<p style=\"text-align: justify;\">Inzicht in het tempo van het evenement \u00e9n de wensen van de opdrachtgever is cruciaal voor een geslaagde zakelijke conferentie fotoshoot in Amsterdam. De conferentie van ABN AMRO bestond uit inspirerende sprekers, interactieve break-outsessies en waardevolle \u00e9\u00e9n-op-\u00e9\u00e9n ontmoetingen. Door strategisch te positioneren, wist ik zowel grootse momenten als kleine interacties sfeervol en helder vast te leggen. Deze beelden vormen niet alleen een tastbare herinnering, maar ook waardevolle content voor de interne en externe communicatie van het bedrijf.<\/p>\r\n<h2 style=\"text-align: justify;\"><span style=\"font-size: 16px;\">Sterke bedrijfspositionering door professionele fotografie<\/span><\/h2>\r\n<p style=\"text-align: justify;\">De zakelijke beelden van dit evenement laten zien hoe krachtige fotografie bijdraagt aan de branding en uitstraling van een organisatie. Van overzichtsbeelden tot portretten en details: elk beeld vertelt iets over het karakter, de visie en het innovatieve vermogen van de organisatie. Voor bedrijven als <a style=\"color: #bc8a53;\" href=\"https:\/\/www.abnamro.com\/nl\/home\" target=\"_blank\" rel=\"noopener\">ABN AMRO<\/a> betekent dit visuele storytelling met impact \u2014 een waardevol communicatiemiddel richting klanten, medewerkers en stakeholders.<\/p>\r\n<h2 style=\"text-align: justify;\"><span style=\"font-size: 16px;\">Boek jouw zakelijke conferentie fotoshoot in Amsterdam eenvoudig online<\/span><\/h2>\r\n<p style=\"text-align: justify;\">Organiseer je binnenkort een conferentie of bedrijfsbijeenkomst? Laat deze gelegenheid niet voorbijgaan zonder professionele visuele vastlegging. Met jarenlange ervaring in zakelijke eventfotografie lever ik foto\u2019s die de essentie van jouw evenement krachtig weergeven. Je kunt jouw zakelijke conferentie fotoshoot in Amsterdam direct online boeken \u2014 dan zorgen we samen voor een beeldverhaal dat jouw organisatie professioneel en overtuigend in beeld brengt.<\/p>\r\n<p>[\/vc_column_text][vc_btn title=&#8221;BOEK JOUW EVENT FOTOSHOOT&#8221; style=&#8221;classic&#8221; color=&#8221;warning&#8221; align=&#8221;center&#8221; css=&#8221;&#8221; link=&#8221;url:%2Fnl%2Fproduct%2Fphotoreportage%2F|title:Fotoreportage&#8221;][\/vc_column][\/vc_row]<\/p>\r\n<\/div>","protected":false},"excerpt":{"rendered":"<p>[vc_row][vc_column][vc_column_text] [\/vc_column_text][vc_column_text css=&#8221;&#8221;] Zakelijke conferentie fotoshoot in Amsterdam: ABN AMRO&#8217;s IT-event professioneel vastgelegd Onlangs had ik de kans om de Global IT Conference van ABN AMRO te fotograferen in het duurzame Circl-gebouw in hartje Amsterdam. Als ervaren conferentie- en bedrijfsfotograaf wist ik dat het vastleggen van zowel de inhoud als de sfeer van dit inspirerende [&hellip;]<\/p>\n","protected":false},"author":2,"featured_media":15703,"comment_status":"closed","ping_status":"closed","sticky":false,"template":"","format":"standard","meta":{"_acf_changed":false,"footnotes":""},"categories":[229],"tags":[],"class_list":["post-14175","post","type-post","status-publish","format-standard","has-post-thumbnail","hentry","category-zakelijk"],"acf":[],"yoast_head":"<!-- This site is optimized with the Yoast SEO Premium plugin v24.1 (Yoast SEO v27.4) - https:\/\/yoast.com\/product\/yoast-seo-premium-wordpress\/ -->\n<title>Zakelijke conferentie fotoshoot in Amsterdam - Rudenko Photography<\/title>\n<meta name=\"description\" content=\"Professionele event fotograaf legt een corporate congres vast in levendige foto&#039;s tijdens een zakelijke conferentie fotoshoot in Amsterdam!\" \/>\n<meta name=\"robots\" content=\"index, follow, max-snippet:-1, max-image-preview:large, max-video-preview:-1\" \/>\n<link rel=\"canonical\" href=\"https:\/\/rudenko-photography.com\/nl\/business-conference-photoshoot-amsterdam\/\" \/>\n<meta property=\"og:locale\" content=\"nl_NL\" \/>\n<meta property=\"og:type\" content=\"article\" \/>\n<meta property=\"og:title\" content=\"Zakelijke conferentie fotoshoot in Amsterdam\" \/>\n<meta property=\"og:description\" content=\"Professionele event fotograaf legt een corporate congres vast in levendige foto&#039;s tijdens een zakelijke conferentie fotoshoot in Amsterdam!\" \/>\n<meta property=\"og:url\" content=\"https:\/\/rudenko-photography.com\/nl\/business-conference-photoshoot-amsterdam\/\" \/>\n<meta property=\"og:site_name\" content=\"Rudenko Photography\" \/>\n<meta property=\"article:published_time\" content=\"2020-01-22T18:19:40+00:00\" \/>\n<meta property=\"article:modified_time\" content=\"2026-02-15T18:39:39+00:00\" \/>\n<meta property=\"og:image\" content=\"https:\/\/bucket-wp-uploads.s3.eu-central-1.amazonaws.com\/wp-content\/uploads\/2017\/09\/abn-amro-it-international-conference-17.jpg\" \/>\n\t<meta property=\"og:image:width\" content=\"1750\" \/>\n\t<meta property=\"og:image:height\" content=\"1167\" \/>\n\t<meta property=\"og:image:type\" content=\"image\/jpeg\" \/>\n<meta name=\"author\" content=\"E\" \/>\n<meta name=\"twitter:card\" content=\"summary_large_image\" \/>\n<script type=\"application\/ld+json\" class=\"yoast-schema-graph\">{\"@context\":\"https:\\\/\\\/schema.org\",\"@graph\":[{\"@type\":\"Article\",\"@id\":\"https:\\\/\\\/rudenko-photography.com\\\/nl\\\/business-conference-photoshoot-amsterdam\\\/#article\",\"isPartOf\":{\"@id\":\"https:\\\/\\\/rudenko-photography.com\\\/nl\\\/business-conference-photoshoot-amsterdam\\\/\"},\"author\":{\"name\":\"E\",\"@id\":\"https:\\\/\\\/rudenko-photography.com\\\/nl\\\/#\\\/schema\\\/person\\\/2acdd5e09362e78b8143886add665b04\"},\"headline\":\"Zakelijke conferentie fotoshoot in Amsterdam\",\"datePublished\":\"2020-01-22T18:19:40+00:00\",\"dateModified\":\"2026-02-15T18:39:39+00:00\",\"mainEntityOfPage\":{\"@id\":\"https:\\\/\\\/rudenko-photography.com\\\/nl\\\/business-conference-photoshoot-amsterdam\\\/\"},\"wordCount\":461,\"publisher\":{\"@id\":\"https:\\\/\\\/rudenko-photography.com\\\/nl\\\/#organization\"},\"image\":{\"@id\":\"https:\\\/\\\/rudenko-photography.com\\\/nl\\\/business-conference-photoshoot-amsterdam\\\/#primaryimage\"},\"thumbnailUrl\":\"https:\\\/\\\/bucket-wp-uploads.s3.eu-central-1.amazonaws.com\\\/wp-content\\\/uploads\\\/2017\\\/09\\\/abn-amro-it-international-conference-17.jpg\",\"articleSection\":[\"Zakelijk\"],\"inLanguage\":\"nl-NL\"},{\"@type\":\"WebPage\",\"@id\":\"https:\\\/\\\/rudenko-photography.com\\\/nl\\\/business-conference-photoshoot-amsterdam\\\/\",\"url\":\"https:\\\/\\\/rudenko-photography.com\\\/nl\\\/business-conference-photoshoot-amsterdam\\\/\",\"name\":\"Zakelijke conferentie fotoshoot in Amsterdam - Rudenko Photography\",\"isPartOf\":{\"@id\":\"https:\\\/\\\/rudenko-photography.com\\\/nl\\\/#website\"},\"primaryImageOfPage\":{\"@id\":\"https:\\\/\\\/rudenko-photography.com\\\/nl\\\/business-conference-photoshoot-amsterdam\\\/#primaryimage\"},\"image\":{\"@id\":\"https:\\\/\\\/rudenko-photography.com\\\/nl\\\/business-conference-photoshoot-amsterdam\\\/#primaryimage\"},\"thumbnailUrl\":\"https:\\\/\\\/bucket-wp-uploads.s3.eu-central-1.amazonaws.com\\\/wp-content\\\/uploads\\\/2017\\\/09\\\/abn-amro-it-international-conference-17.jpg\",\"datePublished\":\"2020-01-22T18:19:40+00:00\",\"dateModified\":\"2026-02-15T18:39:39+00:00\",\"description\":\"Professionele event fotograaf legt een corporate congres vast in levendige foto's tijdens een zakelijke conferentie fotoshoot in Amsterdam!\",\"breadcrumb\":{\"@id\":\"https:\\\/\\\/rudenko-photography.com\\\/nl\\\/business-conference-photoshoot-amsterdam\\\/#breadcrumb\"},\"inLanguage\":\"nl-NL\",\"potentialAction\":[{\"@type\":\"ReadAction\",\"target\":[\"https:\\\/\\\/rudenko-photography.com\\\/nl\\\/business-conference-photoshoot-amsterdam\\\/\"]}]},{\"@type\":\"ImageObject\",\"inLanguage\":\"nl-NL\",\"@id\":\"https:\\\/\\\/rudenko-photography.com\\\/nl\\\/business-conference-photoshoot-amsterdam\\\/#primaryimage\",\"url\":\"https:\\\/\\\/bucket-wp-uploads.s3.eu-central-1.amazonaws.com\\\/wp-content\\\/uploads\\\/2017\\\/09\\\/abn-amro-it-international-conference-17.jpg\",\"contentUrl\":\"https:\\\/\\\/bucket-wp-uploads.s3.eu-central-1.amazonaws.com\\\/wp-content\\\/uploads\\\/2017\\\/09\\\/abn-amro-it-international-conference-17.jpg\",\"width\":1750,\"height\":1167,\"caption\":\"Zakelijke conferentie fotoshoot in Amsterdam\"},{\"@type\":\"BreadcrumbList\",\"@id\":\"https:\\\/\\\/rudenko-photography.com\\\/nl\\\/business-conference-photoshoot-amsterdam\\\/#breadcrumb\",\"itemListElement\":[{\"@type\":\"ListItem\",\"position\":1,\"name\":\"Home\",\"item\":\"https:\\\/\\\/rudenko-photography.com\\\/nl\\\/\"},{\"@type\":\"ListItem\",\"position\":2,\"name\":\"Zakelijke conferentie fotoshoot in Amsterdam\"}]},{\"@type\":\"WebSite\",\"@id\":\"https:\\\/\\\/rudenko-photography.com\\\/nl\\\/#website\",\"url\":\"https:\\\/\\\/rudenko-photography.com\\\/nl\\\/\",\"name\":\"Rudenko Photography\",\"description\":\"Top-rated Professional Amsterdam Photographer\",\"publisher\":{\"@id\":\"https:\\\/\\\/rudenko-photography.com\\\/nl\\\/#organization\"},\"potentialAction\":[{\"@type\":\"SearchAction\",\"target\":{\"@type\":\"EntryPoint\",\"urlTemplate\":\"https:\\\/\\\/rudenko-photography.com\\\/nl\\\/?s={search_term_string}\"},\"query-input\":{\"@type\":\"PropertyValueSpecification\",\"valueRequired\":true,\"valueName\":\"search_term_string\"}}],\"inLanguage\":\"nl-NL\"},{\"@type\":[\"Organization\",\"Place\",\"LocalBusiness\"],\"@id\":\"https:\\\/\\\/rudenko-photography.com\\\/nl\\\/#organization\",\"name\":\"Rudenko Photography\",\"url\":\"https:\\\/\\\/rudenko-photography.com\\\/en\\\/\",\"logo\":{\"@type\":\"ImageObject\",\"inLanguage\":\"nl-NL\",\"@id\":\"https:\\\/\\\/rudenko-photography.com\\\/nl\\\/#\\\/schema\\\/logo\\\/image\\\/\",\"url\":\"https:\\\/\\\/bucket-wp-uploads.s3.eu-central-1.amazonaws.com\\\/wp-content\\\/uploads\\\/2020\\\/06\\\/small-logo.png\",\"contentUrl\":\"https:\\\/\\\/bucket-wp-uploads.s3.eu-central-1.amazonaws.com\\\/wp-content\\\/uploads\\\/2020\\\/06\\\/small-logo.png\",\"width\":508,\"height\":508,\"caption\":\"Rudenko Photography\"},\"image\":{\"@id\":\"https:\\\/\\\/rudenko-photography.com\\\/nl\\\/#\\\/schema\\\/logo\\\/image\\\/\"},\"sameAs\":[\"https:\\\/\\\/www.instagram.com\\\/rudenko.photography\",\"https:\\\/\\\/www.tiktok.com\\\/@photographeramsterdam\"],\"description\":\"I am a top-rated professional photographer in Amsterdam, celebrated for my high-quality, cinematic portraits. With a personalized approach that prioritizes quality over quantity, I capture vibrant memories that resonate deeply and are cherished for generations. Below is an overview of my diverse photography services: Couples Photography: Specializing in capturing intimate and memorable moments through proposal and engagement photoshoots. Family Photography: Dedicated sessions tailored to family dynamics, including special packages for pregnancy and maternity, capturing life's precious milestones. Wedding Photography: Comprehensive coverage designed to capture every detail of your special day. Portrait Photography: Focused on enhancing both personal and professional images through carefully styled portrait sessions, ideal for personal branding and dating profiles. Business Photography: Services include event coverage, branding, and product photography, aimed at elevating business presence. Tulip Field Photoshoots: Iconic photoshoots set in Keukenhofd\u2019s picturesque tulip fields, offering a unique backdrop. Group Photoshoots: Ideal for bachelorette parties, hen dos, and other group celebrations, capturing vibrant and festive moments. Analog Photography: Embracing the classic art of photofilm photography to create timeless portraits. Gift Cards: Digital photoshoot gift cards available, providing a unique gift option that shares the joy of professional photography. Approach to Photography: Client Experience: Clients enjoy a relaxed photoshoot atmosphere where they can be themselves, have fun, and not worry about feeling awkward. Creative Process: We collaboratively craft natural photographs that capture emotional stories and meaningful moments, paying attention to every small detail. Preparation: Each session is meticulously planned, including mapping picturesque routes and suggesting creative outfits, ensuring every photo captures the unique essence of the moment.\",\"foundingDate\":\"2010-08-01\",\"numberOfEmployees\":{\"@type\":\"QuantitativeValue\",\"minValue\":\"1\",\"maxValue\":\"10\"},\"telephone\":[\"+31681346989\"],\"contactPoint\":{\"@type\":\"ContactPoint\",\"telephone\":\"+31681346989\",\"email\":\"info@rudenko-photography.com\"},\"email\":\"info@rudenko-photography.com\",\"currenciesAccepted\":\"EUR, USD\",\"paymentAccepted\":\"Visa, MasterCard, Apple Pay, Google Pay, PayPal, and Ideal\",\"openingHoursSpecification\":{\"@type\":\"OpeningHoursSpecification\",\"dayOfWeek\":[\"Monday\",\"Tuesday\",\"Wednesday\",\"Thursday\",\"Friday\",\"Saturday\",\"Sunday\"],\"opens\":\"00:00\",\"closes\":\"23:59\"}},{\"@type\":\"Person\",\"@id\":\"https:\\\/\\\/rudenko-photography.com\\\/nl\\\/#\\\/schema\\\/person\\\/2acdd5e09362e78b8143886add665b04\",\"name\":\"E\"}]}<\/script>\n<!-- \/ Yoast SEO Premium plugin. -->","yoast_head_json":{"title":"Zakelijke conferentie fotoshoot in Amsterdam - Rudenko Photography","description":"Professionele event fotograaf legt een corporate congres vast in levendige foto's tijdens een zakelijke conferentie fotoshoot in Amsterdam!","robots":{"index":"index","follow":"follow","max-snippet":"max-snippet:-1","max-image-preview":"max-image-preview:large","max-video-preview":"max-video-preview:-1"},"canonical":"https:\/\/rudenko-photography.com\/nl\/business-conference-photoshoot-amsterdam\/","og_locale":"nl_NL","og_type":"article","og_title":"Zakelijke conferentie fotoshoot in Amsterdam","og_description":"Professionele event fotograaf legt een corporate congres vast in levendige foto's tijdens een zakelijke conferentie fotoshoot in Amsterdam!","og_url":"https:\/\/rudenko-photography.com\/nl\/business-conference-photoshoot-amsterdam\/","og_site_name":"Rudenko Photography","article_published_time":"2020-01-22T18:19:40+00:00","article_modified_time":"2026-02-15T18:39:39+00:00","og_image":[{"width":1750,"height":1167,"url":"https:\/\/bucket-wp-uploads.s3.eu-central-1.amazonaws.com\/wp-content\/uploads\/2017\/09\/abn-amro-it-international-conference-17.jpg","type":"image\/jpeg"}],"author":"E","twitter_card":"summary_large_image","schema":{"@context":"https:\/\/schema.org","@graph":[{"@type":"Article","@id":"https:\/\/rudenko-photography.com\/nl\/business-conference-photoshoot-amsterdam\/#article","isPartOf":{"@id":"https:\/\/rudenko-photography.com\/nl\/business-conference-photoshoot-amsterdam\/"},"author":{"name":"E","@id":"https:\/\/rudenko-photography.com\/nl\/#\/schema\/person\/2acdd5e09362e78b8143886add665b04"},"headline":"Zakelijke conferentie fotoshoot in Amsterdam","datePublished":"2020-01-22T18:19:40+00:00","dateModified":"2026-02-15T18:39:39+00:00","mainEntityOfPage":{"@id":"https:\/\/rudenko-photography.com\/nl\/business-conference-photoshoot-amsterdam\/"},"wordCount":461,"publisher":{"@id":"https:\/\/rudenko-photography.com\/nl\/#organization"},"image":{"@id":"https:\/\/rudenko-photography.com\/nl\/business-conference-photoshoot-amsterdam\/#primaryimage"},"thumbnailUrl":"https:\/\/bucket-wp-uploads.s3.eu-central-1.amazonaws.com\/wp-content\/uploads\/2017\/09\/abn-amro-it-international-conference-17.jpg","articleSection":["Zakelijk"],"inLanguage":"nl-NL"},{"@type":"WebPage","@id":"https:\/\/rudenko-photography.com\/nl\/business-conference-photoshoot-amsterdam\/","url":"https:\/\/rudenko-photography.com\/nl\/business-conference-photoshoot-amsterdam\/","name":"Zakelijke conferentie fotoshoot in Amsterdam - Rudenko Photography","isPartOf":{"@id":"https:\/\/rudenko-photography.com\/nl\/#website"},"primaryImageOfPage":{"@id":"https:\/\/rudenko-photography.com\/nl\/business-conference-photoshoot-amsterdam\/#primaryimage"},"image":{"@id":"https:\/\/rudenko-photography.com\/nl\/business-conference-photoshoot-amsterdam\/#primaryimage"},"thumbnailUrl":"https:\/\/bucket-wp-uploads.s3.eu-central-1.amazonaws.com\/wp-content\/uploads\/2017\/09\/abn-amro-it-international-conference-17.jpg","datePublished":"2020-01-22T18:19:40+00:00","dateModified":"2026-02-15T18:39:39+00:00","description":"Professionele event fotograaf legt een corporate congres vast in levendige foto's tijdens een zakelijke conferentie fotoshoot in Amsterdam!","breadcrumb":{"@id":"https:\/\/rudenko-photography.com\/nl\/business-conference-photoshoot-amsterdam\/#breadcrumb"},"inLanguage":"nl-NL","potentialAction":[{"@type":"ReadAction","target":["https:\/\/rudenko-photography.com\/nl\/business-conference-photoshoot-amsterdam\/"]}]},{"@type":"ImageObject","inLanguage":"nl-NL","@id":"https:\/\/rudenko-photography.com\/nl\/business-conference-photoshoot-amsterdam\/#primaryimage","url":"https:\/\/bucket-wp-uploads.s3.eu-central-1.amazonaws.com\/wp-content\/uploads\/2017\/09\/abn-amro-it-international-conference-17.jpg","contentUrl":"https:\/\/bucket-wp-uploads.s3.eu-central-1.amazonaws.com\/wp-content\/uploads\/2017\/09\/abn-amro-it-international-conference-17.jpg","width":1750,"height":1167,"caption":"Zakelijke conferentie fotoshoot in Amsterdam"},{"@type":"BreadcrumbList","@id":"https:\/\/rudenko-photography.com\/nl\/business-conference-photoshoot-amsterdam\/#breadcrumb","itemListElement":[{"@type":"ListItem","position":1,"name":"Home","item":"https:\/\/rudenko-photography.com\/nl\/"},{"@type":"ListItem","position":2,"name":"Zakelijke conferentie fotoshoot in Amsterdam"}]},{"@type":"WebSite","@id":"https:\/\/rudenko-photography.com\/nl\/#website","url":"https:\/\/rudenko-photography.com\/nl\/","name":"Rudenko Photography","description":"Top-rated Professional Amsterdam Photographer","publisher":{"@id":"https:\/\/rudenko-photography.com\/nl\/#organization"},"potentialAction":[{"@type":"SearchAction","target":{"@type":"EntryPoint","urlTemplate":"https:\/\/rudenko-photography.com\/nl\/?s={search_term_string}"},"query-input":{"@type":"PropertyValueSpecification","valueRequired":true,"valueName":"search_term_string"}}],"inLanguage":"nl-NL"},{"@type":["Organization","Place","LocalBusiness"],"@id":"https:\/\/rudenko-photography.com\/nl\/#organization","name":"Rudenko Photography","url":"https:\/\/rudenko-photography.com\/en\/","logo":{"@type":"ImageObject","inLanguage":"nl-NL","@id":"https:\/\/rudenko-photography.com\/nl\/#\/schema\/logo\/image\/","url":"https:\/\/bucket-wp-uploads.s3.eu-central-1.amazonaws.com\/wp-content\/uploads\/2020\/06\/small-logo.png","contentUrl":"https:\/\/bucket-wp-uploads.s3.eu-central-1.amazonaws.com\/wp-content\/uploads\/2020\/06\/small-logo.png","width":508,"height":508,"caption":"Rudenko Photography"},"image":{"@id":"https:\/\/rudenko-photography.com\/nl\/#\/schema\/logo\/image\/"},"sameAs":["https:\/\/www.instagram.com\/rudenko.photography","https:\/\/www.tiktok.com\/@photographeramsterdam"],"description":"I am a top-rated professional photographer in Amsterdam, celebrated for my high-quality, cinematic portraits. With a personalized approach that prioritizes quality over quantity, I capture vibrant memories that resonate deeply and are cherished for generations. Below is an overview of my diverse photography services: Couples Photography: Specializing in capturing intimate and memorable moments through proposal and engagement photoshoots. Family Photography: Dedicated sessions tailored to family dynamics, including special packages for pregnancy and maternity, capturing life's precious milestones. Wedding Photography: Comprehensive coverage designed to capture every detail of your special day. Portrait Photography: Focused on enhancing both personal and professional images through carefully styled portrait sessions, ideal for personal branding and dating profiles. Business Photography: Services include event coverage, branding, and product photography, aimed at elevating business presence. Tulip Field Photoshoots: Iconic photoshoots set in Keukenhofd\u2019s picturesque tulip fields, offering a unique backdrop. Group Photoshoots: Ideal for bachelorette parties, hen dos, and other group celebrations, capturing vibrant and festive moments. Analog Photography: Embracing the classic art of photofilm photography to create timeless portraits. Gift Cards: Digital photoshoot gift cards available, providing a unique gift option that shares the joy of professional photography. Approach to Photography: Client Experience: Clients enjoy a relaxed photoshoot atmosphere where they can be themselves, have fun, and not worry about feeling awkward. Creative Process: We collaboratively craft natural photographs that capture emotional stories and meaningful moments, paying attention to every small detail. Preparation: Each session is meticulously planned, including mapping picturesque routes and suggesting creative outfits, ensuring every photo captures the unique essence of the moment.","foundingDate":"2010-08-01","numberOfEmployees":{"@type":"QuantitativeValue","minValue":"1","maxValue":"10"},"telephone":["+31681346989"],"contactPoint":{"@type":"ContactPoint","telephone":"+31681346989","email":"info@rudenko-photography.com"},"email":"info@rudenko-photography.com","currenciesAccepted":"EUR, USD","paymentAccepted":"Visa, MasterCard, Apple Pay, Google Pay, PayPal, and Ideal","openingHoursSpecification":{"@type":"OpeningHoursSpecification","dayOfWeek":["Monday","Tuesday","Wednesday","Thursday","Friday","Saturday","Sunday"],"opens":"00:00","closes":"23:59"}},{"@type":"Person","@id":"https:\/\/rudenko-photography.com\/nl\/#\/schema\/person\/2acdd5e09362e78b8143886add665b04","name":"E"}]}},"_links":{"self":[{"href":"https:\/\/rudenko-photography.com\/nl\/wp-json\/wp\/v2\/posts\/14175","targetHints":{"allow":["GET"]}}],"collection":[{"href":"https:\/\/rudenko-photography.com\/nl\/wp-json\/wp\/v2\/posts"}],"about":[{"href":"https:\/\/rudenko-photography.com\/nl\/wp-json\/wp\/v2\/types\/post"}],"author":[{"embeddable":true,"href":"https:\/\/rudenko-photography.com\/nl\/wp-json\/wp\/v2\/users\/2"}],"replies":[{"embeddable":true,"href":"https:\/\/rudenko-photography.com\/nl\/wp-json\/wp\/v2\/comments?post=14175"}],"version-history":[{"count":4,"href":"https:\/\/rudenko-photography.com\/nl\/wp-json\/wp\/v2\/posts\/14175\/revisions"}],"predecessor-version":[{"id":68620,"href":"https:\/\/rudenko-photography.com\/nl\/wp-json\/wp\/v2\/posts\/14175\/revisions\/68620"}],"wp:featuredmedia":[{"embeddable":true,"href":"https:\/\/rudenko-photography.com\/nl\/wp-json\/wp\/v2\/media\/15703"}],"wp:attachment":[{"href":"https:\/\/rudenko-photography.com\/nl\/wp-json\/wp\/v2\/media?parent=14175"}],"wp:term":[{"taxonomy":"category","embeddable":true,"href":"https:\/\/rudenko-photography.com\/nl\/wp-json\/wp\/v2\/categories?post=14175"},{"taxonomy":"post_tag","embeddable":true,"href":"https:\/\/rudenko-photography.com\/nl\/wp-json\/wp\/v2\/tags?post=14175"}],"curies":[{"name":"wp","href":"https:\/\/api.w.org\/{rel}","templated":true}]}}